{"id":57,"date":"2019-11-14T14:25:57","date_gmt":"2019-11-14T13:25:57","guid":{"rendered":"https:\/\/www.ofertero.es\/blog\/?p=57"},"modified":"2024-08-20T14:25:03","modified_gmt":"2024-08-20T12:25:03","slug":"las-tiendas-anunciaron-grandes-descuentos-preparate-para-ellos-que-puedes-esperar-y-cuando","status":"publish","type":"post","link":"https:\/\/www.ofertero.es\/blog\/las-tiendas-anunciaron-grandes-descuentos-preparate-para-ellos-que-puedes-esperar-y-cuando\/","title":{"rendered":"Las tiendas anunciaron grandes descuentos. \u00a1Prep\u00e1rate para ellos! \u00bfQu\u00e9 puedes esperar y cu\u00e1ndo?"},"content":{"rendered":"\n<p>\u00a1La fiebre por las compras est\u00e1 a punto de desatarse! Las b\u00fasquedas en la web que giran en torno a esta festividad van en aumento, y la tuya est\u00e1 incluida.&nbsp;<\/p>\n\n\n\n<p>En <strong><a href=\"https:\/\/www.ofertero.es\/\">Ofertero.es<\/a><\/strong> hemos creado un cat\u00e1logo especial para que conozcas qu\u00e9 tiendas anunciaron grandes descuentos, qu\u00e9 puedes esperar y cu\u00e1ndo, para que en <strong>Viernes Negro<\/strong> no tengas que preocuparte por salir de casa para disfrutar de las mejores ofertas.<\/p>\n\n\n\n<h2 class=\"wp-block-heading\">\u00bfQu\u00e9 tiendas ofrecer\u00e1n descuentos este Black Friday?<\/h2>\n\n\n\n<p>\u00a1El tiempo para buscar qu\u00e9 descuentos y productos ofrecer\u00e1n las tiendas en el <strong>Black Friday Espa\u00f1a<\/strong> de este a\u00f1o se agota! \u00bfQuieres saber qu\u00e9 tiendas de nuestros cat\u00e1logos har\u00e1n rebajas en tan esperado d\u00eda? A continuaci\u00f3n, te dejamos una gu\u00eda con sus nombres y ofertas:<\/p>\n\n\n\n<ul class=\"wp-block-list\">\n<li><strong><a href=\"#nadpis1\">Supermercados <\/a><\/strong><\/li>\n\n\n\n<li><strong><a href=\"#nadpis2\">Electr\u00f3nica&nbsp;<\/a><\/strong><\/li>\n\n\n\n<li><strong><a href=\"#nadpis3\">Casa, jard\u00edn, muebles<\/a><\/strong><\/li>\n\n\n\n<li><strong><a href=\"#nadpis4\">Ropa, calzado y deporte<\/a><\/strong><\/li>\n\n\n\n<li><strong><a href=\"#nadpis5\">Droguer\u00eda y perfumer\u00eda<\/a><\/strong><\/li>\n\n\n\n<li><strong><a href=\"#nadpis6\">Otros<\/a><\/strong><\/li>\n<\/ul>\n\n\n\n<h3 class=\"wp-block-heading\" id=\"nadpis1\"><strong>Supermercados <\/strong><\/h3>\n\n\n\n<p>Durante la cuarta semana de noviembre, almacenes como <strong><a href=\"https:\/\/www.ofertero.es\/alcampo\/\">Alcampo<\/a> en Black Friday<\/strong> ofrecer\u00e1n descuentos en las primeras marcas de electrodom\u00e9sticos, moda, inform\u00e1tica y hogar. Cada d\u00eda ofertar\u00e1 promociones en una categor\u00eda diferente.&nbsp;<\/p>\n\n\n\n<p>Asimismo, <strong><a href=\"https:\/\/www.ofertero.es\/carrefour\/\">Carrefour<\/a><\/strong> se unir\u00e1 a la celebraci\u00f3n con rebajas muy similares a las del 2018. Con descuentos en los productos destacados de todas sus categor\u00edas: -30% en ropa, calzado, videoconsolas, port\u00e1tiles y tel\u00e9fonos inteligentes, -60% en colchones y -20% en televisores, perfumes y mobiliarios.<\/p>\n\n\n\n<h3 class=\"wp-block-heading\" id=\"nadpis2\"><strong>Electr\u00f3nica&nbsp;<\/strong><\/h3>\n\n\n\n<p>Si buscas renovar tu tel\u00e9fono m\u00f3vil, adquirir un ordenador nuevo o cualquier artefacto de inform\u00e1tica que necesites, en <strong>Black Friday<\/strong> en <strong>Media Markt<\/strong> podr\u00e1s hacerlo. La sucursal contar\u00e1 con rebajas promedio entre los 50\u20ac y 200\u20ac menos en cualquiera de sus mercanc\u00edas. Adem\u00e1s, \u00a1Ofrecer\u00e1 un 50%Off en pel\u00edculas y series!<\/p>\n\n\n\n<p><strong><a href=\"https:\/\/www.ofertero.es\/pc-componentes\/\">PC Componentes<\/a><\/strong> tambi\u00e9n es otro de los grandes protagonistas de este sector, ofreciendo un 60% en <strong>descuentos Black Friday.<\/strong> \u00bfPuedes creerlo? Lo mejor del caso es que las rebajas aplicar\u00e1n para todos sus departamentos desde el lunes 25 de noviembre hasta el 2 de diciembre (<strong>Cyber Monday<\/strong>).<\/p>\n\n\n\n<p>Adem\u00e1s, si deseas optimizar o ampliar tu colecci\u00f3n de videojuegos, en <strong><a href=\"https:\/\/www.ofertero.es\/worten\/\">Worten<\/a><\/strong> puedes conseguir promociones de 3&#215;2 en accesorios para tus consolas.<\/p>\n\n\n\n<h3 class=\"wp-block-heading\" id=\"nadpis3\"><strong>Casa, jard\u00edn, muebles&nbsp;<\/strong><\/h3>\n\n\n\n<p>Para renovar o equipar tu casa, puedes asistir a tiendas como <strong><a href=\"https:\/\/www.ofertero.es\/conforama\/\">Conforama<\/a>, <a href=\"https:\/\/www.ofertero.es\/ikea\/\">Ikea<\/a><\/strong> o <strong>Bricomart en Black Friday<\/strong>.\u00a0<\/p>\n\n\n\n<p>\u00bfQu\u00e9 ofertas especiales nos traer\u00e1n este a\u00f1o? Del -20% al -25% en electrodom\u00e9sticos como lavadoras, microondas, batidoras y hasta frigor\u00edficos, -35% en guardarropas y -50% en muebles o colchones.<\/p>\n\n\n\n<figure class=\"wp-block-image\"><img loading=\"lazy\" decoding=\"async\" width=\"800\" height=\"533\" src=\"https:\/\/www.ofertero.es\/blog\/wp-content\/uploads\/2019\/11\/black-friday-4645768_1280.jpg\" alt=\"\" class=\"wp-image-70\" srcset=\"https:\/\/www.ofertero.es\/blog\/wp-content\/uploads\/2019\/11\/black-friday-4645768_1280.jpg 800w, https:\/\/www.ofertero.es\/blog\/wp-content\/uploads\/2019\/11\/black-friday-4645768_1280-300x200.jpg 300w, https:\/\/www.ofertero.es\/blog\/wp-content\/uploads\/2019\/11\/black-friday-4645768_1280-768x512.jpg 768w\" sizes=\"auto, (max-width: 800px) 100vw, 800px\" \/><\/figure>\n\n\n\n<h3 class=\"wp-block-heading\" id=\"nadpis4\"><strong>Ropa, calzado y deporte<\/strong><\/h3>\n\n\n\n<p>\u00a1Los gigantes de la moda ya anunciaron sus ofertas! Por esta raz\u00f3n, es un hecho que <strong><a href=\"https:\/\/www.ofertero.es\/zara\/\">Zara<\/a><\/strong> le restar\u00e1 un 20% a todas sus colecciones.&nbsp;<\/p>\n\n\n\n<p>Pero eso no es lo m\u00e1s interesante, <strong><a href=\"https:\/\/www.ofertero.es\/hm\/\">H&amp;M<\/a><\/strong> le har\u00e1 competencia brind\u00e1ndole a los miembros de su club un -20% adicional al porcentaje del descuento general en ropa para damas, caballeros y ni\u00f1os, \u00a1Estar\u00edamos hablando de casi un -40%!<\/p>\n\n\n\n<p>Por su parte, se prev\u00e9 que <strong><a href=\"https:\/\/www.ofertero.es\/desigual\/\">Desigual<\/a><\/strong> y <strong><a href=\"https:\/\/www.ofertero.es\/decathlon\/\">Decathlon<\/a><\/strong> lancen productos m\u00e1s baratos como en \u00e9pocas pasadas, donde sus mercanc\u00edas se ubicaban con el -15% Off.&nbsp;<\/p>\n\n\n\n<p>Y por si no lo sab\u00edas, en <strong><a href=\"https:\/\/www.ofertero.es\/primark\/\">Primark<\/a> Black Friday<\/strong> se celebra los 365 d\u00edas del a\u00f1o, \u00bfencontraremos productos todav\u00eda m\u00e1s econ\u00f3micos ese d\u00eda? \u00a1Es muy probable!<\/p>\n\n\n\n<h3 class=\"wp-block-heading\" id=\"nadpis5\"><strong>Droguer\u00eda y perfumer\u00eda<\/strong><\/h3>\n\n\n\n<p>\u00a1Echa un vistazo a las <strong>ofertas Black Friday<\/strong> de <a href=\"https:\/\/www.ofertero.es\/sephora\/\">Sephora<\/a>! En conjunto de sus 300 marcas de productos de belleza podr\u00e1s crear tu kit personal para cuidado de la piel y cosm\u00e9ticos, con rebajas \u00fanicas.&nbsp;<\/p>\n\n\n\n<p>Si tu pedido supera los 30\u20ac, obtienes un descuento del 20% en el total de tu mercanc\u00eda, adem\u00e1s, \u00a1los env\u00edos se hacen gratis! Recuerda que puedes adquirir desde fragancias, maquillaje, cremas corporales, hasta art\u00edculos para el cabello para damas y caballeros.<\/p>\n\n\n\n<h3 class=\"wp-block-heading\" id=\"nadpis6\"><strong>Otros<\/strong><\/h3>\n\n\n\n<p><a href=\"https:\/\/www.ofertero.es\/el-corte-ingles\/\">El Corte Ingl\u00e9s<\/a> es una de las opciones m\u00e1s inteligentes para el <strong>Black Friday<\/strong> de aquellos que quieren comprar toda su lista de art\u00edculos en un solo lugar. Llegar\u00e1 con descuentos del -40% en televisores, prendas de moda, perfumer\u00eda, calzado e inclusive, productos Apple.&nbsp;<\/p>\n\n\n\n<p>\u00a1Y no te olvides de la <a href=\"https:\/\/www.ofertero.es\/casa-del-libro\/\">Casa del Libro<\/a>! Tal como ha hecho en a\u00f1os anteriores nos dar\u00e1 la oportunidad para comprar desde libros, hasta comics y agendas con un 70% de descuento.&nbsp;<\/p>\n\n\n\n<p>Otras tiendas como <a href=\"https:\/\/www.ofertero.es\/toy-planet\/\">Toy Planet<\/a> y <a href=\"https:\/\/www.ofertero.es\/toys-r-us\/\">Toy \u2018R\u2019 Us<\/a> tambi\u00e9n participar\u00e1n en el <strong>Viernes Negro<\/strong> con rebajas del -20% al -50% en juguetes de LEGO y distintas marcas.<br><\/p>\n","protected":false},"excerpt":{"rendered":"<p>\u00a1La fiebre por las compras est\u00e1 a punto de desatarse! Las b\u00fasquedas en la web que giran en torno a esta festividad van en aumento, y la tuya est\u00e1 incluida.&nbsp; En Ofertero.es hemos creado un cat\u00e1logo especial para que conozcas<\/p>\n","protected":false},"author":1,"featured_media":70,"comment_status":"open","ping_status":"open","sticky":false,"template":"","format":"standard","meta":{"footnotes":""},"categories":[1],"tags":[],"class_list":["post-57","post","type-post","status-publish","format-standard","has-post-thumbnail","hentry","category-nezaradene"],"_thumbnail_id":"70","_wp_attachment_image_alt":null,"_yoast_wpseo_metadesc":null,"_yoast_wpseo_content_score":"90","_yoast_wpseo_estimated-reading-time-minutes":"4","_yoast_wpseo_title":null,"_yoast_wpseo_opengraph-title":null,"_yoast_wpseo_opengraph-description":null,"_harikrutfiwu_url":null,"yoast_head":"<!-- This site is optimized with the Yoast SEO plugin v27.3 - https:\/\/yoast.com\/product\/yoast-seo-wordpress\/ -->\n<title>Las tiendas anunciaron grandes descuentos. \u00a1Prep\u00e1rate para ellos! \u00bfQu\u00e9 puedes esperar y cu\u00e1ndo? - Nuestra revista: Consejos y tendencias<\/title>\n<meta name=\"robots\" content=\"index, follow, max-snippet:-1, max-image-preview:large, max-video-preview:-1\" \/>\n<link rel=\"canonical\" href=\"https:\/\/www.ofertero.es\/blog\/las-tiendas-anunciaron-grandes-descuentos-preparate-para-ellos-que-puedes-esperar-y-cuando\/\" \/>\n<meta property=\"og:locale\" content=\"es_ES\" \/>\n<meta property=\"og:type\" content=\"article\" \/>\n<meta property=\"og:title\" content=\"Las tiendas anunciaron grandes descuentos. \u00a1Prep\u00e1rate para ellos! \u00bfQu\u00e9 puedes esperar y cu\u00e1ndo? - Nuestra revista: Consejos y tendencias\" \/>\n<meta property=\"og:description\" content=\"\u00a1La fiebre por las compras est\u00e1 a punto de desatarse! Las b\u00fasquedas en la web que giran en torno a esta festividad van en aumento, y la tuya est\u00e1 incluida.&nbsp; En Ofertero.es hemos creado un cat\u00e1logo especial para que conozcas\" \/>\n<meta property=\"og:url\" content=\"https:\/\/www.ofertero.es\/blog\/las-tiendas-anunciaron-grandes-descuentos-preparate-para-ellos-que-puedes-esperar-y-cuando\/\" \/>\n<meta property=\"og:site_name\" content=\"Nuestra revista: Consejos y tendencias\" \/>\n<meta property=\"article:published_time\" content=\"2019-11-14T13:25:57+00:00\" \/>\n<meta property=\"article:modified_time\" content=\"2024-08-20T12:25:03+00:00\" \/>\n<meta property=\"og:image\" content=\"https:\/\/www.ofertero.es\/blog\/wp-content\/uploads\/2019\/11\/black-friday-4645768_1280.jpg\" \/>\n\t<meta property=\"og:image:width\" content=\"800\" \/>\n\t<meta property=\"og:image:height\" content=\"533\" \/>\n\t<meta property=\"og:image:type\" content=\"image\/jpeg\" \/>\n<meta name=\"author\" content=\"Admin\" \/>\n<meta name=\"twitter:card\" content=\"summary_large_image\" \/>\n<meta name=\"twitter:label1\" content=\"Escrito por\" \/>\n\t<meta name=\"twitter:data1\" content=\"Admin\" \/>\n\t<meta name=\"twitter:label2\" content=\"Tiempo de lectura\" \/>\n\t<meta name=\"twitter:data2\" content=\"4 minutos\" \/>\n<script type=\"application\/ld+json\" class=\"yoast-schema-graph\">{\"@context\":\"https:\\\/\\\/schema.org\",\"@graph\":[{\"@type\":\"Article\",\"@id\":\"https:\\\/\\\/www.ofertero.es\\\/blog\\\/las-tiendas-anunciaron-grandes-descuentos-preparate-para-ellos-que-puedes-esperar-y-cuando\\\/#article\",\"isPartOf\":{\"@id\":\"https:\\\/\\\/www.ofertero.es\\\/blog\\\/las-tiendas-anunciaron-grandes-descuentos-preparate-para-ellos-que-puedes-esperar-y-cuando\\\/\"},\"author\":{\"name\":\"Admin\",\"@id\":\"https:\\\/\\\/www.ofertero.es\\\/blog\\\/#\\\/schema\\\/person\\\/639047bb54ba499e01c93a92023119b0\"},\"headline\":\"Las tiendas anunciaron grandes descuentos. \u00a1Prep\u00e1rate para ellos! \u00bfQu\u00e9 puedes esperar y cu\u00e1ndo?\",\"datePublished\":\"2019-11-14T13:25:57+00:00\",\"dateModified\":\"2024-08-20T12:25:03+00:00\",\"mainEntityOfPage\":{\"@id\":\"https:\\\/\\\/www.ofertero.es\\\/blog\\\/las-tiendas-anunciaron-grandes-descuentos-preparate-para-ellos-que-puedes-esperar-y-cuando\\\/\"},\"wordCount\":774,\"commentCount\":0,\"image\":{\"@id\":\"https:\\\/\\\/www.ofertero.es\\\/blog\\\/las-tiendas-anunciaron-grandes-descuentos-preparate-para-ellos-que-puedes-esperar-y-cuando\\\/#primaryimage\"},\"thumbnailUrl\":\"https:\\\/\\\/www.ofertero.es\\\/blog\\\/wp-content\\\/uploads\\\/2019\\\/11\\\/black-friday-4645768_1280.jpg\",\"articleSection\":[\"Nezaraden\u00e9\"],\"inLanguage\":\"es\",\"potentialAction\":[{\"@type\":\"CommentAction\",\"name\":\"Comment\",\"target\":[\"https:\\\/\\\/www.ofertero.es\\\/blog\\\/las-tiendas-anunciaron-grandes-descuentos-preparate-para-ellos-que-puedes-esperar-y-cuando\\\/#respond\"]}]},{\"@type\":\"WebPage\",\"@id\":\"https:\\\/\\\/www.ofertero.es\\\/blog\\\/las-tiendas-anunciaron-grandes-descuentos-preparate-para-ellos-que-puedes-esperar-y-cuando\\\/\",\"url\":\"https:\\\/\\\/www.ofertero.es\\\/blog\\\/las-tiendas-anunciaron-grandes-descuentos-preparate-para-ellos-que-puedes-esperar-y-cuando\\\/\",\"name\":\"Las tiendas anunciaron grandes descuentos. \u00a1Prep\u00e1rate para ellos! \u00bfQu\u00e9 puedes esperar y cu\u00e1ndo? - Nuestra revista: Consejos y tendencias\",\"isPartOf\":{\"@id\":\"https:\\\/\\\/www.ofertero.es\\\/blog\\\/#website\"},\"primaryImageOfPage\":{\"@id\":\"https:\\\/\\\/www.ofertero.es\\\/blog\\\/las-tiendas-anunciaron-grandes-descuentos-preparate-para-ellos-que-puedes-esperar-y-cuando\\\/#primaryimage\"},\"image\":{\"@id\":\"https:\\\/\\\/www.ofertero.es\\\/blog\\\/las-tiendas-anunciaron-grandes-descuentos-preparate-para-ellos-que-puedes-esperar-y-cuando\\\/#primaryimage\"},\"thumbnailUrl\":\"https:\\\/\\\/www.ofertero.es\\\/blog\\\/wp-content\\\/uploads\\\/2019\\\/11\\\/black-friday-4645768_1280.jpg\",\"datePublished\":\"2019-11-14T13:25:57+00:00\",\"dateModified\":\"2024-08-20T12:25:03+00:00\",\"author\":{\"@id\":\"https:\\\/\\\/www.ofertero.es\\\/blog\\\/#\\\/schema\\\/person\\\/639047bb54ba499e01c93a92023119b0\"},\"breadcrumb\":{\"@id\":\"https:\\\/\\\/www.ofertero.es\\\/blog\\\/las-tiendas-anunciaron-grandes-descuentos-preparate-para-ellos-que-puedes-esperar-y-cuando\\\/#breadcrumb\"},\"inLanguage\":\"es\",\"potentialAction\":[{\"@type\":\"ReadAction\",\"target\":[\"https:\\\/\\\/www.ofertero.es\\\/blog\\\/las-tiendas-anunciaron-grandes-descuentos-preparate-para-ellos-que-puedes-esperar-y-cuando\\\/\"]}]},{\"@type\":\"ImageObject\",\"inLanguage\":\"es\",\"@id\":\"https:\\\/\\\/www.ofertero.es\\\/blog\\\/las-tiendas-anunciaron-grandes-descuentos-preparate-para-ellos-que-puedes-esperar-y-cuando\\\/#primaryimage\",\"url\":\"https:\\\/\\\/www.ofertero.es\\\/blog\\\/wp-content\\\/uploads\\\/2019\\\/11\\\/black-friday-4645768_1280.jpg\",\"contentUrl\":\"https:\\\/\\\/www.ofertero.es\\\/blog\\\/wp-content\\\/uploads\\\/2019\\\/11\\\/black-friday-4645768_1280.jpg\",\"width\":800,\"height\":533,\"caption\":\"black friday\"},{\"@type\":\"BreadcrumbList\",\"@id\":\"https:\\\/\\\/www.ofertero.es\\\/blog\\\/las-tiendas-anunciaron-grandes-descuentos-preparate-para-ellos-que-puedes-esperar-y-cuando\\\/#breadcrumb\",\"itemListElement\":[{\"@type\":\"ListItem\",\"position\":1,\"name\":\"Home\",\"item\":\"https:\\\/\\\/www.ofertero.es\\\/blog\\\/\"},{\"@type\":\"ListItem\",\"position\":2,\"name\":\"Las tiendas anunciaron grandes descuentos. \u00a1Prep\u00e1rate para ellos! \u00bfQu\u00e9 puedes esperar y cu\u00e1ndo?\"}]},{\"@type\":\"WebSite\",\"@id\":\"https:\\\/\\\/www.ofertero.es\\\/blog\\\/#website\",\"url\":\"https:\\\/\\\/www.ofertero.es\\\/blog\\\/\",\"name\":\"Nuestra revista: Consejos y tendencias\",\"description\":\"\",\"potentialAction\":[{\"@type\":\"SearchAction\",\"target\":{\"@type\":\"EntryPoint\",\"urlTemplate\":\"https:\\\/\\\/www.ofertero.es\\\/blog\\\/?s={search_term_string}\"},\"query-input\":{\"@type\":\"PropertyValueSpecification\",\"valueRequired\":true,\"valueName\":\"search_term_string\"}}],\"inLanguage\":\"es\"},{\"@type\":\"Person\",\"@id\":\"https:\\\/\\\/www.ofertero.es\\\/blog\\\/#\\\/schema\\\/person\\\/639047bb54ba499e01c93a92023119b0\",\"name\":\"Admin\",\"image\":{\"@type\":\"ImageObject\",\"inLanguage\":\"es\",\"@id\":\"https:\\\/\\\/secure.gravatar.com\\\/avatar\\\/3666fc9db19ce4fc33d28c51484dfd47d72229b75c4b29c83340f3ed82020998?s=96&d=mm&r=g\",\"url\":\"https:\\\/\\\/secure.gravatar.com\\\/avatar\\\/3666fc9db19ce4fc33d28c51484dfd47d72229b75c4b29c83340f3ed82020998?s=96&d=mm&r=g\",\"contentUrl\":\"https:\\\/\\\/secure.gravatar.com\\\/avatar\\\/3666fc9db19ce4fc33d28c51484dfd47d72229b75c4b29c83340f3ed82020998?s=96&d=mm&r=g\",\"caption\":\"Admin\"},\"url\":\"https:\\\/\\\/www.ofertero.es\\\/blog\\\/author\\\/admin\\\/\"}]}<\/script>\n<!-- \/ Yoast SEO plugin. -->","yoast_head_json":{"title":"Las tiendas anunciaron grandes descuentos. \u00a1Prep\u00e1rate para ellos! \u00bfQu\u00e9 puedes esperar y cu\u00e1ndo? - Nuestra revista: Consejos y tendencias","robots":{"index":"index","follow":"follow","max-snippet":"max-snippet:-1","max-image-preview":"max-image-preview:large","max-video-preview":"max-video-preview:-1"},"canonical":"https:\/\/www.ofertero.es\/blog\/las-tiendas-anunciaron-grandes-descuentos-preparate-para-ellos-que-puedes-esperar-y-cuando\/","og_locale":"es_ES","og_type":"article","og_title":"Las tiendas anunciaron grandes descuentos. \u00a1Prep\u00e1rate para ellos! \u00bfQu\u00e9 puedes esperar y cu\u00e1ndo? - Nuestra revista: Consejos y tendencias","og_description":"\u00a1La fiebre por las compras est\u00e1 a punto de desatarse! Las b\u00fasquedas en la web que giran en torno a esta festividad van en aumento, y la tuya est\u00e1 incluida.&nbsp; En Ofertero.es hemos creado un cat\u00e1logo especial para que conozcas","og_url":"https:\/\/www.ofertero.es\/blog\/las-tiendas-anunciaron-grandes-descuentos-preparate-para-ellos-que-puedes-esperar-y-cuando\/","og_site_name":"Nuestra revista: Consejos y tendencias","article_published_time":"2019-11-14T13:25:57+00:00","article_modified_time":"2024-08-20T12:25:03+00:00","og_image":[{"width":800,"height":533,"url":"https:\/\/www.ofertero.es\/blog\/wp-content\/uploads\/2019\/11\/black-friday-4645768_1280.jpg","type":"image\/jpeg"}],"author":"Admin","twitter_card":"summary_large_image","twitter_misc":{"Escrito por":"Admin","Tiempo de lectura":"4 minutos"},"schema":{"@context":"https:\/\/schema.org","@graph":[{"@type":"Article","@id":"https:\/\/www.ofertero.es\/blog\/las-tiendas-anunciaron-grandes-descuentos-preparate-para-ellos-que-puedes-esperar-y-cuando\/#article","isPartOf":{"@id":"https:\/\/www.ofertero.es\/blog\/las-tiendas-anunciaron-grandes-descuentos-preparate-para-ellos-que-puedes-esperar-y-cuando\/"},"author":{"name":"Admin","@id":"https:\/\/www.ofertero.es\/blog\/#\/schema\/person\/639047bb54ba499e01c93a92023119b0"},"headline":"Las tiendas anunciaron grandes descuentos. \u00a1Prep\u00e1rate para ellos! \u00bfQu\u00e9 puedes esperar y cu\u00e1ndo?","datePublished":"2019-11-14T13:25:57+00:00","dateModified":"2024-08-20T12:25:03+00:00","mainEntityOfPage":{"@id":"https:\/\/www.ofertero.es\/blog\/las-tiendas-anunciaron-grandes-descuentos-preparate-para-ellos-que-puedes-esperar-y-cuando\/"},"wordCount":774,"commentCount":0,"image":{"@id":"https:\/\/www.ofertero.es\/blog\/las-tiendas-anunciaron-grandes-descuentos-preparate-para-ellos-que-puedes-esperar-y-cuando\/#primaryimage"},"thumbnailUrl":"https:\/\/www.ofertero.es\/blog\/wp-content\/uploads\/2019\/11\/black-friday-4645768_1280.jpg","articleSection":["Nezaraden\u00e9"],"inLanguage":"es","potentialAction":[{"@type":"CommentAction","name":"Comment","target":["https:\/\/www.ofertero.es\/blog\/las-tiendas-anunciaron-grandes-descuentos-preparate-para-ellos-que-puedes-esperar-y-cuando\/#respond"]}]},{"@type":"WebPage","@id":"https:\/\/www.ofertero.es\/blog\/las-tiendas-anunciaron-grandes-descuentos-preparate-para-ellos-que-puedes-esperar-y-cuando\/","url":"https:\/\/www.ofertero.es\/blog\/las-tiendas-anunciaron-grandes-descuentos-preparate-para-ellos-que-puedes-esperar-y-cuando\/","name":"Las tiendas anunciaron grandes descuentos. \u00a1Prep\u00e1rate para ellos! \u00bfQu\u00e9 puedes esperar y cu\u00e1ndo? - Nuestra revista: Consejos y tendencias","isPartOf":{"@id":"https:\/\/www.ofertero.es\/blog\/#website"},"primaryImageOfPage":{"@id":"https:\/\/www.ofertero.es\/blog\/las-tiendas-anunciaron-grandes-descuentos-preparate-para-ellos-que-puedes-esperar-y-cuando\/#primaryimage"},"image":{"@id":"https:\/\/www.ofertero.es\/blog\/las-tiendas-anunciaron-grandes-descuentos-preparate-para-ellos-que-puedes-esperar-y-cuando\/#primaryimage"},"thumbnailUrl":"https:\/\/www.ofertero.es\/blog\/wp-content\/uploads\/2019\/11\/black-friday-4645768_1280.jpg","datePublished":"2019-11-14T13:25:57+00:00","dateModified":"2024-08-20T12:25:03+00:00","author":{"@id":"https:\/\/www.ofertero.es\/blog\/#\/schema\/person\/639047bb54ba499e01c93a92023119b0"},"breadcrumb":{"@id":"https:\/\/www.ofertero.es\/blog\/las-tiendas-anunciaron-grandes-descuentos-preparate-para-ellos-que-puedes-esperar-y-cuando\/#breadcrumb"},"inLanguage":"es","potentialAction":[{"@type":"ReadAction","target":["https:\/\/www.ofertero.es\/blog\/las-tiendas-anunciaron-grandes-descuentos-preparate-para-ellos-que-puedes-esperar-y-cuando\/"]}]},{"@type":"ImageObject","inLanguage":"es","@id":"https:\/\/www.ofertero.es\/blog\/las-tiendas-anunciaron-grandes-descuentos-preparate-para-ellos-que-puedes-esperar-y-cuando\/#primaryimage","url":"https:\/\/www.ofertero.es\/blog\/wp-content\/uploads\/2019\/11\/black-friday-4645768_1280.jpg","contentUrl":"https:\/\/www.ofertero.es\/blog\/wp-content\/uploads\/2019\/11\/black-friday-4645768_1280.jpg","width":800,"height":533,"caption":"black friday"},{"@type":"BreadcrumbList","@id":"https:\/\/www.ofertero.es\/blog\/las-tiendas-anunciaron-grandes-descuentos-preparate-para-ellos-que-puedes-esperar-y-cuando\/#breadcrumb","itemListElement":[{"@type":"ListItem","position":1,"name":"Home","item":"https:\/\/www.ofertero.es\/blog\/"},{"@type":"ListItem","position":2,"name":"Las tiendas anunciaron grandes descuentos. \u00a1Prep\u00e1rate para ellos! \u00bfQu\u00e9 puedes esperar y cu\u00e1ndo?"}]},{"@type":"WebSite","@id":"https:\/\/www.ofertero.es\/blog\/#website","url":"https:\/\/www.ofertero.es\/blog\/","name":"Nuestra revista: Consejos y tendencias","description":"","potentialAction":[{"@type":"SearchAction","target":{"@type":"EntryPoint","urlTemplate":"https:\/\/www.ofertero.es\/blog\/?s={search_term_string}"},"query-input":{"@type":"PropertyValueSpecification","valueRequired":true,"valueName":"search_term_string"}}],"inLanguage":"es"},{"@type":"Person","@id":"https:\/\/www.ofertero.es\/blog\/#\/schema\/person\/639047bb54ba499e01c93a92023119b0","name":"Admin","image":{"@type":"ImageObject","inLanguage":"es","@id":"https:\/\/secure.gravatar.com\/avatar\/3666fc9db19ce4fc33d28c51484dfd47d72229b75c4b29c83340f3ed82020998?s=96&d=mm&r=g","url":"https:\/\/secure.gravatar.com\/avatar\/3666fc9db19ce4fc33d28c51484dfd47d72229b75c4b29c83340f3ed82020998?s=96&d=mm&r=g","contentUrl":"https:\/\/secure.gravatar.com\/avatar\/3666fc9db19ce4fc33d28c51484dfd47d72229b75c4b29c83340f3ed82020998?s=96&d=mm&r=g","caption":"Admin"},"url":"https:\/\/www.ofertero.es\/blog\/author\/admin\/"}]}},"_links":{"self":[{"href":"https:\/\/www.ofertero.es\/blog\/wp-json\/wp\/v2\/posts\/57","targetHints":{"allow":["GET"]}}],"collection":[{"href":"https:\/\/www.ofertero.es\/blog\/wp-json\/wp\/v2\/posts"}],"about":[{"href":"https:\/\/www.ofertero.es\/blog\/wp-json\/wp\/v2\/types\/post"}],"author":[{"embeddable":true,"href":"https:\/\/www.ofertero.es\/blog\/wp-json\/wp\/v2\/users\/1"}],"replies":[{"embeddable":true,"href":"https:\/\/www.ofertero.es\/blog\/wp-json\/wp\/v2\/comments?post=57"}],"version-history":[{"count":4,"href":"https:\/\/www.ofertero.es\/blog\/wp-json\/wp\/v2\/posts\/57\/revisions"}],"predecessor-version":[{"id":172,"href":"https:\/\/www.ofertero.es\/blog\/wp-json\/wp\/v2\/posts\/57\/revisions\/172"}],"wp:featuredmedia":[{"embeddable":true,"href":"https:\/\/www.ofertero.es\/blog\/wp-json\/wp\/v2\/media\/70"}],"wp:attachment":[{"href":"https:\/\/www.ofertero.es\/blog\/wp-json\/wp\/v2\/media?parent=57"}],"wp:term":[{"taxonomy":"category","embeddable":true,"href":"https:\/\/www.ofertero.es\/blog\/wp-json\/wp\/v2\/categories?post=57"},{"taxonomy":"post_tag","embeddable":true,"href":"https:\/\/www.ofertero.es\/blog\/wp-json\/wp\/v2\/tags?post=57"}],"curies":[{"name":"wp","href":"https:\/\/api.w.org\/{rel}","templated":true}]}}