{"id":50,"date":"2020-11-17T16:33:08","date_gmt":"2020-11-17T15:33:08","guid":{"rendered":"https:\/\/www.ofertero.es\/blog\/?p=50"},"modified":"2020-11-24T17:39:25","modified_gmt":"2020-11-24T16:39:25","slug":"ofertas-de-black-friday-en-la-categoria-electronica-que-tiendas-anunciaron-las-mayores-ventas","status":"publish","type":"post","link":"https:\/\/www.ofertero.es\/blog\/ofertas-de-black-friday-en-la-categoria-electronica-que-tiendas-anunciaron-las-mayores-ventas\/","title":{"rendered":"BLACK FRIDAY IKEA 2020: grandes ofertas para el hogar"},"content":{"rendered":"\n<p><strong>IKEA promete un Black Friday 2020 inigualable lleno de ofertas de muebles y otros productos para el hogar.<\/strong><br><\/p>\n\n\n\n<ul class=\"wp-block-list\"><li><strong><a href=\"#nadpis1\">Qu\u00e9 productos IKEA comprar para un mayor ahorro durante el Black Friday 2020 <\/a><\/strong><\/li><\/ul>\n\n\n\n<p>Esta empresa sueca establecida en Espa\u00f1a en 1978 mantiene un enfoque en la sostenibilidad a trav\u00e9s de la publicaci\u00f3n de ofertas en folletos y cat\u00e1logos digitales. El <strong>Black Friday IKEA 2020<\/strong> llega con muchos descuentos especiales y rebajas para ahorrar en productos para el sal\u00f3n, los dormitorios, la cocina, el ba\u00f1o, el jard\u00edn y la decoraci\u00f3n del hogar.<br><\/p>\n\n\n\n<p>Este a\u00f1o, el <strong>BLACK FRIDAY IKEA<\/strong> tiene rebajas en diferentes productos. Entre sus ofertas, IKEA ofrece productos innovadores a partir de 3 Euros con la mejor calidad y su distintivo dise\u00f1o. Para ahorrar m\u00e1s, descubre hoy las mejores promociones IKEA en sus folletos ecol\u00f3gicos.<br><\/p>\n\n\n\n<h2 class=\"wp-block-heading\" id=\"nadpis1\">Qu\u00e9 productos IKEA comprar para un mayor ahorro durante el Black Friday 2020 <\/h2>\n\n\n\n<p>\u00bfDeseas saber qu\u00e9 productos puedes comprar para ahorrar m\u00e1s en este Black Friday Ikea 2020? Para ello, los cat\u00e1logos de IKEA ya est\u00e1n aqu\u00ed: <strong>los folletos de ofertas IKEA para el Black Friday 2020 incluyen promociones de diferentes productos<\/strong>. Con ellos, puedes ver todas las ofertas con anticipaci\u00f3n para no perderte ninguna. Algunos de los descuentos m\u00e1s destacados son:<\/p>\n\n\n\n<ul class=\"wp-block-list\"><li><strong>Dormitorios: estructuras de cama: a partir de 49 Euros y mesas auxiliares desde 30 Euros.<\/strong><\/li><li><strong>Salones: sof\u00e1s de tres plazas desde 399 Euros; sillas a partir de 49 Euros;\u00a0<\/strong><\/li><li><strong>Armarios: desde 198 Euros.<\/strong><\/li><\/ul>\n\n\n\n<p>La secci\u00f3n de cocinas tambi\u00e9n tiene ofertas interesantes de iluminaci\u00f3n LED, baldas giratorias, armarios y otros productos.<\/p>\n\n\n\n<p>La secci\u00f3n de colchones IKEA presenta una gran selecci\u00f3n de colchones de diversa firmeza, a partir de los 399 Euros.<\/p>\n\n\n\n<p>En Ofertero, puedes encontrar todas las promociones disponibles en los folletos de ofertas <strong>BLACK FRIDAY IKEA 2020<\/strong> para ahorrar m\u00e1s f\u00e1cilmente.<br><\/p>\n\n\n\n<figure class=\"wp-block-image\"><img loading=\"lazy\" decoding=\"async\" width=\"696\" height=\"392\" src=\"https:\/\/www.ofertero.es\/blog\/wp-content\/uploads\/2020\/11\/ikea-salamanca-696x392.jpg\" alt=\"\" class=\"wp-image-81\" srcset=\"https:\/\/www.ofertero.es\/blog\/wp-content\/uploads\/2020\/11\/ikea-salamanca-696x392.jpg 696w, https:\/\/www.ofertero.es\/blog\/wp-content\/uploads\/2020\/11\/ikea-salamanca-696x392-300x169.jpg 300w\" sizes=\"auto, (max-width: 696px) 100vw, 696px\" \/><\/figure>\n","protected":false},"excerpt":{"rendered":"<p>IKEA promete un Black Friday 2020 inigualable lleno de ofertas de muebles y otros productos para el hogar. Qu\u00e9 productos IKEA comprar para un mayor ahorro durante el Black Friday 2020 Esta empresa sueca establecida en Espa\u00f1a en 1978 mantiene<\/p>\n","protected":false},"author":1,"featured_media":66,"comment_status":"open","ping_status":"open","sticky":false,"template":"","format":"standard","meta":{"footnotes":""},"categories":[1],"tags":[],"class_list":["post-50","post","type-post","status-publish","format-standard","has-post-thumbnail","hentry","category-nezaradene"],"_thumbnail_id":"66","_wp_attachment_image_alt":null,"_yoast_wpseo_metadesc":null,"_yoast_wpseo_content_score":null,"_yoast_wpseo_estimated-reading-time-minutes":null,"_yoast_wpseo_title":null,"_yoast_wpseo_opengraph-title":null,"_yoast_wpseo_opengraph-description":null,"_harikrutfiwu_url":null,"yoast_head":"<!-- This site is optimized with the Yoast SEO plugin v27.3 - https:\/\/yoast.com\/product\/yoast-seo-wordpress\/ -->\n<title>BLACK FRIDAY IKEA 2020: grandes ofertas para el hogar - Nuestra revista: Consejos y tendencias<\/title>\n<meta name=\"robots\" content=\"index, follow, max-snippet:-1, max-image-preview:large, max-video-preview:-1\" \/>\n<link rel=\"canonical\" href=\"https:\/\/www.ofertero.es\/blog\/ofertas-de-black-friday-en-la-categoria-electronica-que-tiendas-anunciaron-las-mayores-ventas\/\" \/>\n<meta property=\"og:locale\" content=\"es_ES\" \/>\n<meta property=\"og:type\" content=\"article\" \/>\n<meta property=\"og:title\" content=\"BLACK FRIDAY IKEA 2020: grandes ofertas para el hogar - Nuestra revista: Consejos y tendencias\" \/>\n<meta property=\"og:description\" content=\"IKEA promete un Black Friday 2020 inigualable lleno de ofertas de muebles y otros productos para el hogar. Qu\u00e9 productos IKEA comprar para un mayor ahorro durante el Black Friday 2020 Esta empresa sueca establecida en Espa\u00f1a en 1978 mantiene\" \/>\n<meta property=\"og:url\" content=\"https:\/\/www.ofertero.es\/blog\/ofertas-de-black-friday-en-la-categoria-electronica-que-tiendas-anunciaron-las-mayores-ventas\/\" \/>\n<meta property=\"og:site_name\" content=\"Nuestra revista: Consejos y tendencias\" \/>\n<meta property=\"article:published_time\" content=\"2020-11-17T15:33:08+00:00\" \/>\n<meta property=\"article:modified_time\" content=\"2020-11-24T16:39:25+00:00\" \/>\n<meta property=\"og:image\" content=\"https:\/\/www.ofertero.es\/blog\/wp-content\/uploads\/2019\/11\/black-friday-4490827_1920-1.jpg\" \/>\n\t<meta property=\"og:image:width\" content=\"1000\" \/>\n\t<meta property=\"og:image:height\" content=\"707\" \/>\n\t<meta property=\"og:image:type\" content=\"image\/jpeg\" \/>\n<meta name=\"author\" content=\"Admin\" \/>\n<meta name=\"twitter:card\" content=\"summary_large_image\" \/>\n<meta name=\"twitter:label1\" content=\"Escrito por\" \/>\n\t<meta name=\"twitter:data1\" content=\"Admin\" \/>\n\t<meta name=\"twitter:label2\" content=\"Tiempo de lectura\" \/>\n\t<meta name=\"twitter:data2\" content=\"2 minutos\" \/>\n<script type=\"application\/ld+json\" class=\"yoast-schema-graph\">{\"@context\":\"https:\\\/\\\/schema.org\",\"@graph\":[{\"@type\":\"Article\",\"@id\":\"https:\\\/\\\/www.ofertero.es\\\/blog\\\/ofertas-de-black-friday-en-la-categoria-electronica-que-tiendas-anunciaron-las-mayores-ventas\\\/#article\",\"isPartOf\":{\"@id\":\"https:\\\/\\\/www.ofertero.es\\\/blog\\\/ofertas-de-black-friday-en-la-categoria-electronica-que-tiendas-anunciaron-las-mayores-ventas\\\/\"},\"author\":{\"name\":\"Admin\",\"@id\":\"https:\\\/\\\/www.ofertero.es\\\/blog\\\/#\\\/schema\\\/person\\\/639047bb54ba499e01c93a92023119b0\"},\"headline\":\"BLACK FRIDAY IKEA 2020: grandes ofertas para el hogar\",\"datePublished\":\"2020-11-17T15:33:08+00:00\",\"dateModified\":\"2020-11-24T16:39:25+00:00\",\"mainEntityOfPage\":{\"@id\":\"https:\\\/\\\/www.ofertero.es\\\/blog\\\/ofertas-de-black-friday-en-la-categoria-electronica-que-tiendas-anunciaron-las-mayores-ventas\\\/\"},\"wordCount\":314,\"commentCount\":0,\"image\":{\"@id\":\"https:\\\/\\\/www.ofertero.es\\\/blog\\\/ofertas-de-black-friday-en-la-categoria-electronica-que-tiendas-anunciaron-las-mayores-ventas\\\/#primaryimage\"},\"thumbnailUrl\":\"https:\\\/\\\/www.ofertero.es\\\/blog\\\/wp-content\\\/uploads\\\/2019\\\/11\\\/black-friday-4490827_1920-1.jpg\",\"articleSection\":[\"Nezaraden\u00e9\"],\"inLanguage\":\"es\",\"potentialAction\":[{\"@type\":\"CommentAction\",\"name\":\"Comment\",\"target\":[\"https:\\\/\\\/www.ofertero.es\\\/blog\\\/ofertas-de-black-friday-en-la-categoria-electronica-que-tiendas-anunciaron-las-mayores-ventas\\\/#respond\"]}]},{\"@type\":\"WebPage\",\"@id\":\"https:\\\/\\\/www.ofertero.es\\\/blog\\\/ofertas-de-black-friday-en-la-categoria-electronica-que-tiendas-anunciaron-las-mayores-ventas\\\/\",\"url\":\"https:\\\/\\\/www.ofertero.es\\\/blog\\\/ofertas-de-black-friday-en-la-categoria-electronica-que-tiendas-anunciaron-las-mayores-ventas\\\/\",\"name\":\"BLACK FRIDAY IKEA 2020: grandes ofertas para el hogar - Nuestra revista: Consejos y tendencias\",\"isPartOf\":{\"@id\":\"https:\\\/\\\/www.ofertero.es\\\/blog\\\/#website\"},\"primaryImageOfPage\":{\"@id\":\"https:\\\/\\\/www.ofertero.es\\\/blog\\\/ofertas-de-black-friday-en-la-categoria-electronica-que-tiendas-anunciaron-las-mayores-ventas\\\/#primaryimage\"},\"image\":{\"@id\":\"https:\\\/\\\/www.ofertero.es\\\/blog\\\/ofertas-de-black-friday-en-la-categoria-electronica-que-tiendas-anunciaron-las-mayores-ventas\\\/#primaryimage\"},\"thumbnailUrl\":\"https:\\\/\\\/www.ofertero.es\\\/blog\\\/wp-content\\\/uploads\\\/2019\\\/11\\\/black-friday-4490827_1920-1.jpg\",\"datePublished\":\"2020-11-17T15:33:08+00:00\",\"dateModified\":\"2020-11-24T16:39:25+00:00\",\"author\":{\"@id\":\"https:\\\/\\\/www.ofertero.es\\\/blog\\\/#\\\/schema\\\/person\\\/639047bb54ba499e01c93a92023119b0\"},\"breadcrumb\":{\"@id\":\"https:\\\/\\\/www.ofertero.es\\\/blog\\\/ofertas-de-black-friday-en-la-categoria-electronica-que-tiendas-anunciaron-las-mayores-ventas\\\/#breadcrumb\"},\"inLanguage\":\"es\",\"potentialAction\":[{\"@type\":\"ReadAction\",\"target\":[\"https:\\\/\\\/www.ofertero.es\\\/blog\\\/ofertas-de-black-friday-en-la-categoria-electronica-que-tiendas-anunciaron-las-mayores-ventas\\\/\"]}]},{\"@type\":\"ImageObject\",\"inLanguage\":\"es\",\"@id\":\"https:\\\/\\\/www.ofertero.es\\\/blog\\\/ofertas-de-black-friday-en-la-categoria-electronica-que-tiendas-anunciaron-las-mayores-ventas\\\/#primaryimage\",\"url\":\"https:\\\/\\\/www.ofertero.es\\\/blog\\\/wp-content\\\/uploads\\\/2019\\\/11\\\/black-friday-4490827_1920-1.jpg\",\"contentUrl\":\"https:\\\/\\\/www.ofertero.es\\\/blog\\\/wp-content\\\/uploads\\\/2019\\\/11\\\/black-friday-4490827_1920-1.jpg\",\"width\":1000,\"height\":707,\"caption\":\"black friday\"},{\"@type\":\"BreadcrumbList\",\"@id\":\"https:\\\/\\\/www.ofertero.es\\\/blog\\\/ofertas-de-black-friday-en-la-categoria-electronica-que-tiendas-anunciaron-las-mayores-ventas\\\/#breadcrumb\",\"itemListElement\":[{\"@type\":\"ListItem\",\"position\":1,\"name\":\"Home\",\"item\":\"https:\\\/\\\/www.ofertero.es\\\/blog\\\/\"},{\"@type\":\"ListItem\",\"position\":2,\"name\":\"BLACK FRIDAY IKEA 2020: grandes ofertas para el hogar\"}]},{\"@type\":\"WebSite\",\"@id\":\"https:\\\/\\\/www.ofertero.es\\\/blog\\\/#website\",\"url\":\"https:\\\/\\\/www.ofertero.es\\\/blog\\\/\",\"name\":\"Nuestra revista: Consejos y tendencias\",\"description\":\"\",\"potentialAction\":[{\"@type\":\"SearchAction\",\"target\":{\"@type\":\"EntryPoint\",\"urlTemplate\":\"https:\\\/\\\/www.ofertero.es\\\/blog\\\/?s={search_term_string}\"},\"query-input\":{\"@type\":\"PropertyValueSpecification\",\"valueRequired\":true,\"valueName\":\"search_term_string\"}}],\"inLanguage\":\"es\"},{\"@type\":\"Person\",\"@id\":\"https:\\\/\\\/www.ofertero.es\\\/blog\\\/#\\\/schema\\\/person\\\/639047bb54ba499e01c93a92023119b0\",\"name\":\"Admin\",\"image\":{\"@type\":\"ImageObject\",\"inLanguage\":\"es\",\"@id\":\"https:\\\/\\\/secure.gravatar.com\\\/avatar\\\/3666fc9db19ce4fc33d28c51484dfd47d72229b75c4b29c83340f3ed82020998?s=96&d=mm&r=g\",\"url\":\"https:\\\/\\\/secure.gravatar.com\\\/avatar\\\/3666fc9db19ce4fc33d28c51484dfd47d72229b75c4b29c83340f3ed82020998?s=96&d=mm&r=g\",\"contentUrl\":\"https:\\\/\\\/secure.gravatar.com\\\/avatar\\\/3666fc9db19ce4fc33d28c51484dfd47d72229b75c4b29c83340f3ed82020998?s=96&d=mm&r=g\",\"caption\":\"Admin\"},\"url\":\"https:\\\/\\\/www.ofertero.es\\\/blog\\\/author\\\/admin\\\/\"}]}<\/script>\n<!-- \/ Yoast SEO plugin. -->","yoast_head_json":{"title":"BLACK FRIDAY IKEA 2020: grandes ofertas para el hogar - Nuestra revista: Consejos y tendencias","robots":{"index":"index","follow":"follow","max-snippet":"max-snippet:-1","max-image-preview":"max-image-preview:large","max-video-preview":"max-video-preview:-1"},"canonical":"https:\/\/www.ofertero.es\/blog\/ofertas-de-black-friday-en-la-categoria-electronica-que-tiendas-anunciaron-las-mayores-ventas\/","og_locale":"es_ES","og_type":"article","og_title":"BLACK FRIDAY IKEA 2020: grandes ofertas para el hogar - Nuestra revista: Consejos y tendencias","og_description":"IKEA promete un Black Friday 2020 inigualable lleno de ofertas de muebles y otros productos para el hogar. Qu\u00e9 productos IKEA comprar para un mayor ahorro durante el Black Friday 2020 Esta empresa sueca establecida en Espa\u00f1a en 1978 mantiene","og_url":"https:\/\/www.ofertero.es\/blog\/ofertas-de-black-friday-en-la-categoria-electronica-que-tiendas-anunciaron-las-mayores-ventas\/","og_site_name":"Nuestra revista: Consejos y tendencias","article_published_time":"2020-11-17T15:33:08+00:00","article_modified_time":"2020-11-24T16:39:25+00:00","og_image":[{"width":1000,"height":707,"url":"https:\/\/www.ofertero.es\/blog\/wp-content\/uploads\/2019\/11\/black-friday-4490827_1920-1.jpg","type":"image\/jpeg"}],"author":"Admin","twitter_card":"summary_large_image","twitter_misc":{"Escrito por":"Admin","Tiempo de lectura":"2 minutos"},"schema":{"@context":"https:\/\/schema.org","@graph":[{"@type":"Article","@id":"https:\/\/www.ofertero.es\/blog\/ofertas-de-black-friday-en-la-categoria-electronica-que-tiendas-anunciaron-las-mayores-ventas\/#article","isPartOf":{"@id":"https:\/\/www.ofertero.es\/blog\/ofertas-de-black-friday-en-la-categoria-electronica-que-tiendas-anunciaron-las-mayores-ventas\/"},"author":{"name":"Admin","@id":"https:\/\/www.ofertero.es\/blog\/#\/schema\/person\/639047bb54ba499e01c93a92023119b0"},"headline":"BLACK FRIDAY IKEA 2020: grandes ofertas para el hogar","datePublished":"2020-11-17T15:33:08+00:00","dateModified":"2020-11-24T16:39:25+00:00","mainEntityOfPage":{"@id":"https:\/\/www.ofertero.es\/blog\/ofertas-de-black-friday-en-la-categoria-electronica-que-tiendas-anunciaron-las-mayores-ventas\/"},"wordCount":314,"commentCount":0,"image":{"@id":"https:\/\/www.ofertero.es\/blog\/ofertas-de-black-friday-en-la-categoria-electronica-que-tiendas-anunciaron-las-mayores-ventas\/#primaryimage"},"thumbnailUrl":"https:\/\/www.ofertero.es\/blog\/wp-content\/uploads\/2019\/11\/black-friday-4490827_1920-1.jpg","articleSection":["Nezaraden\u00e9"],"inLanguage":"es","potentialAction":[{"@type":"CommentAction","name":"Comment","target":["https:\/\/www.ofertero.es\/blog\/ofertas-de-black-friday-en-la-categoria-electronica-que-tiendas-anunciaron-las-mayores-ventas\/#respond"]}]},{"@type":"WebPage","@id":"https:\/\/www.ofertero.es\/blog\/ofertas-de-black-friday-en-la-categoria-electronica-que-tiendas-anunciaron-las-mayores-ventas\/","url":"https:\/\/www.ofertero.es\/blog\/ofertas-de-black-friday-en-la-categoria-electronica-que-tiendas-anunciaron-las-mayores-ventas\/","name":"BLACK FRIDAY IKEA 2020: grandes ofertas para el hogar - Nuestra revista: Consejos y tendencias","isPartOf":{"@id":"https:\/\/www.ofertero.es\/blog\/#website"},"primaryImageOfPage":{"@id":"https:\/\/www.ofertero.es\/blog\/ofertas-de-black-friday-en-la-categoria-electronica-que-tiendas-anunciaron-las-mayores-ventas\/#primaryimage"},"image":{"@id":"https:\/\/www.ofertero.es\/blog\/ofertas-de-black-friday-en-la-categoria-electronica-que-tiendas-anunciaron-las-mayores-ventas\/#primaryimage"},"thumbnailUrl":"https:\/\/www.ofertero.es\/blog\/wp-content\/uploads\/2019\/11\/black-friday-4490827_1920-1.jpg","datePublished":"2020-11-17T15:33:08+00:00","dateModified":"2020-11-24T16:39:25+00:00","author":{"@id":"https:\/\/www.ofertero.es\/blog\/#\/schema\/person\/639047bb54ba499e01c93a92023119b0"},"breadcrumb":{"@id":"https:\/\/www.ofertero.es\/blog\/ofertas-de-black-friday-en-la-categoria-electronica-que-tiendas-anunciaron-las-mayores-ventas\/#breadcrumb"},"inLanguage":"es","potentialAction":[{"@type":"ReadAction","target":["https:\/\/www.ofertero.es\/blog\/ofertas-de-black-friday-en-la-categoria-electronica-que-tiendas-anunciaron-las-mayores-ventas\/"]}]},{"@type":"ImageObject","inLanguage":"es","@id":"https:\/\/www.ofertero.es\/blog\/ofertas-de-black-friday-en-la-categoria-electronica-que-tiendas-anunciaron-las-mayores-ventas\/#primaryimage","url":"https:\/\/www.ofertero.es\/blog\/wp-content\/uploads\/2019\/11\/black-friday-4490827_1920-1.jpg","contentUrl":"https:\/\/www.ofertero.es\/blog\/wp-content\/uploads\/2019\/11\/black-friday-4490827_1920-1.jpg","width":1000,"height":707,"caption":"black friday"},{"@type":"BreadcrumbList","@id":"https:\/\/www.ofertero.es\/blog\/ofertas-de-black-friday-en-la-categoria-electronica-que-tiendas-anunciaron-las-mayores-ventas\/#breadcrumb","itemListElement":[{"@type":"ListItem","position":1,"name":"Home","item":"https:\/\/www.ofertero.es\/blog\/"},{"@type":"ListItem","position":2,"name":"BLACK FRIDAY IKEA 2020: grandes ofertas para el hogar"}]},{"@type":"WebSite","@id":"https:\/\/www.ofertero.es\/blog\/#website","url":"https:\/\/www.ofertero.es\/blog\/","name":"Nuestra revista: Consejos y tendencias","description":"","potentialAction":[{"@type":"SearchAction","target":{"@type":"EntryPoint","urlTemplate":"https:\/\/www.ofertero.es\/blog\/?s={search_term_string}"},"query-input":{"@type":"PropertyValueSpecification","valueRequired":true,"valueName":"search_term_string"}}],"inLanguage":"es"},{"@type":"Person","@id":"https:\/\/www.ofertero.es\/blog\/#\/schema\/person\/639047bb54ba499e01c93a92023119b0","name":"Admin","image":{"@type":"ImageObject","inLanguage":"es","@id":"https:\/\/secure.gravatar.com\/avatar\/3666fc9db19ce4fc33d28c51484dfd47d72229b75c4b29c83340f3ed82020998?s=96&d=mm&r=g","url":"https:\/\/secure.gravatar.com\/avatar\/3666fc9db19ce4fc33d28c51484dfd47d72229b75c4b29c83340f3ed82020998?s=96&d=mm&r=g","contentUrl":"https:\/\/secure.gravatar.com\/avatar\/3666fc9db19ce4fc33d28c51484dfd47d72229b75c4b29c83340f3ed82020998?s=96&d=mm&r=g","caption":"Admin"},"url":"https:\/\/www.ofertero.es\/blog\/author\/admin\/"}]}},"_links":{"self":[{"href":"https:\/\/www.ofertero.es\/blog\/wp-json\/wp\/v2\/posts\/50","targetHints":{"allow":["GET"]}}],"collection":[{"href":"https:\/\/www.ofertero.es\/blog\/wp-json\/wp\/v2\/posts"}],"about":[{"href":"https:\/\/www.ofertero.es\/blog\/wp-json\/wp\/v2\/types\/post"}],"author":[{"embeddable":true,"href":"https:\/\/www.ofertero.es\/blog\/wp-json\/wp\/v2\/users\/1"}],"replies":[{"embeddable":true,"href":"https:\/\/www.ofertero.es\/blog\/wp-json\/wp\/v2\/comments?post=50"}],"version-history":[{"count":8,"href":"https:\/\/www.ofertero.es\/blog\/wp-json\/wp\/v2\/posts\/50\/revisions"}],"predecessor-version":[{"id":96,"href":"https:\/\/www.ofertero.es\/blog\/wp-json\/wp\/v2\/posts\/50\/revisions\/96"}],"wp:featuredmedia":[{"embeddable":true,"href":"https:\/\/www.ofertero.es\/blog\/wp-json\/wp\/v2\/media\/66"}],"wp:attachment":[{"href":"https:\/\/www.ofertero.es\/blog\/wp-json\/wp\/v2\/media?parent=50"}],"wp:term":[{"taxonomy":"category","embeddable":true,"href":"https:\/\/www.ofertero.es\/blog\/wp-json\/wp\/v2\/categories?post=50"},{"taxonomy":"post_tag","embeddable":true,"href":"https:\/\/www.ofertero.es\/blog\/wp-json\/wp\/v2\/tags?post=50"}],"curies":[{"name":"wp","href":"https:\/\/api.w.org\/{rel}","templated":true}]}}