{"id":42,"date":"2019-10-31T15:41:23","date_gmt":"2019-10-31T14:41:23","guid":{"rendered":"https:\/\/www.ofertero.es\/blog\/?p=42"},"modified":"2022-10-11T14:21:02","modified_gmt":"2022-10-11T12:21:02","slug":"como-estuvo-el-black-friday-del-ano-pasado-que-productos-valieron-la-pena-comprar","status":"publish","type":"post","link":"https:\/\/www.ofertero.es\/blog\/como-estuvo-el-black-friday-del-ano-pasado-que-productos-valieron-la-pena-comprar\/","title":{"rendered":"\u00bfC\u00f3mo estuvo el Black Friday del a\u00f1o pasado? \u00bfQu\u00e9 productos valieron la pena comprar?"},"content":{"rendered":"\n<p>\u00bfTodav\u00eda no sabes que comprar este <strong>Black Friday 2021<\/strong>?\u00a0Entonces, te ser\u00e1 de utilidad saber: \u00bfC\u00f3mo estuvo el Black Friday del a\u00f1o pasado? \u00bfQu\u00e9 productos valieron la pena comprar? Entonces llegaste al lugar indicado. En <strong><a href=\"https:\/\/www.ofertero.es\/\">Ofertero<\/a><\/strong> te daremos un resumen de las cifras anuales que genera este fen\u00f3meno mundial en el pa\u00eds.<\/p>\n\n\n\n<p>Como abrebocas te diremos: En Espa\u00f1a, cerca del 96% de la poblaci\u00f3n sabe lo que significa esta festividad, pero solo un 55.76% particip\u00f3 en 2018.<\/p>\n\n\n\n<p>Es decir, un poco m\u00e1s de la mitad del pa\u00eds. \u00a1As\u00ed que, no te quedes sin aprovechar las ofertas! El 26 de noviembre cada vez est\u00e1 m\u00e1s cerca, y trae consigo la fiebre de compras del <strong>Viernes Negro<\/strong>.<\/p>\n\n\n\n<ul class=\"wp-block-list\"><li><strong><a href=\"#nadpis1\">\u00a1Las estad\u00edsticas hablan por s\u00ed solas!<\/a><\/strong><\/li><li><strong><a href=\"#nadpis2\">\u00bfSab\u00edas que\u2026?<\/a><\/strong><\/li><li><strong><a href=\"#nadpis3\">\u00bfVas de compras en Black Friday este a\u00f1o? <\/a><\/strong><\/li><\/ul>\n\n\n\n<h2 class=\"wp-block-heading\" id=\"nadpis1\"><strong>\u00a1Las estad\u00edsticas hablan por s\u00ed solas!<\/strong><\/h2>\n\n\n\n<p>Estamos conscientes de que todo habitante promedio del planeta ama las rebajas, pero los espa\u00f1oles somos m\u00e1s que un claro ejemplo de ello. Se ha determinado que durante el <strong>Black Friday Espa\u00f1a<\/strong> el flujo de compras tiende a aumentar hasta un 706% en comparaci\u00f3n a cualquier otro d\u00eda corriente del a\u00f1o, a pesar de que este no sea un d\u00eda festivo, como en EEUU.<\/p>\n\n\n\n<p>Las <strong>ofertas en Black Friday<\/strong> son motivo suficiente para que gastemos cerca de 210\u20ac de nuestro bolsillo en compras \u201cnavide\u00f1as\u201d. Pero \u00bfQue productos compran? La ropa, calzado, dispositivos electr\u00f3nicos, cosm\u00e9ticos y libros, son las principales preferencias de los espa\u00f1oles, seg\u00fan la pir\u00e1mide de compras.<\/p>\n\n\n\n<p>Aunque todav\u00eda no nos posicionamos como uno de los pa\u00edses m\u00e1s consumistas, estamos muy cerca. Cada ciudadano en Espa\u00f1a est\u00e1 dispuesto a comprar de 3 a 4 productos <strong>en tiendas en Black Friday<\/strong>.&nbsp;<\/p>\n\n\n\n<p>De esta manera, solo el 46% de la poblaci\u00f3n est\u00e1 seguro de lo que va a adquirir, mientras que, el 54% comprar\u00e1 al azar. \u00bfT\u00fa ya tienes preparada tu lista?<\/p>\n\n\n<div class=\"wp-block-image\">\n<figure class=\"aligncenter is-resized\"><img loading=\"lazy\" decoding=\"async\" src=\"https:\/\/www.ofertero.es\/blog\/wp-content\/uploads\/2019\/10\/shopping-cart-4516039_1920-1024x769.jpg\" alt=\"black friday\" class=\"wp-image-44\" width=\"613\" height=\"460\" srcset=\"https:\/\/www.ofertero.es\/blog\/wp-content\/uploads\/2019\/10\/shopping-cart-4516039_1920-1024x769.jpg 1024w, https:\/\/www.ofertero.es\/blog\/wp-content\/uploads\/2019\/10\/shopping-cart-4516039_1920-300x225.jpg 300w, https:\/\/www.ofertero.es\/blog\/wp-content\/uploads\/2019\/10\/shopping-cart-4516039_1920-768x576.jpg 768w, https:\/\/www.ofertero.es\/blog\/wp-content\/uploads\/2019\/10\/shopping-cart-4516039_1920.jpg 1920w\" sizes=\"auto, (max-width: 613px) 100vw, 613px\" \/><\/figure>\n<\/div>\n\n\n<h2 class=\"wp-block-heading\" id=\"nadpis2\"><strong>\u00bfSab\u00edas que\u2026?<\/strong><\/h2>\n\n\n\n<p>El inter\u00e9s en las ventas del <strong>Black Friday<\/strong> est\u00e1 creciendo cada a\u00f1o con m\u00e1s ah\u00ednco en la mayor\u00eda de los pa\u00edses. Ac\u00e1 te dejamos la prueba de que en el <strong>Black Friday 2018 <\/strong>de Espa\u00f1a se registraron much\u00edsimas cifras:<\/p>\n\n\n\n<ul class=\"wp-block-list\"><li>Dentro de las tiendas que destacaron por contar con las mejores ofertas y ventas del d\u00eda se encuentran Media Markt, <a href=\"https:\/\/www.ofertero.es\/pc-componentes\/\">PC Componentes<\/a>, <a href=\"https:\/\/www.ofertero.es\/carrefour\/\">Carrefour<\/a>. Tambi\u00e9n, <a href=\"https:\/\/www.ofertero.es\/fnac\/\">Fnac<\/a> por sus rebajas del 15% hasta el 50% en televisores, equipos de sonido, smartphones, computadoras, electrodom\u00e9sticos y m\u00e1s.<\/li><li>Se estableci\u00f3 que las compras se desarrollaron de forma amena entre las 10:00hrs y 23:00hrs. Con la excepci\u00f3n de las 20:00hrs y 21:00hrs, donde hubo mayor demanda y congesti\u00f3n de compradores.<\/li><li>Los productos mayormente adquiridos por los consumidores gracias a los <strong>descuentos Black Friday<\/strong> fueron: ordenadores port\u00e1tiles Lenovo, m\u00f3viles inteligentes de Apple iPhone X, disco duro port\u00e1tiles de 4TB, tarjetas de memoria de 64GB, aspiradoras y FIFA 19.<\/li><li>Aunque muchas tiendas lanzan sus promociones desde el inicio de la semana, las b\u00fasquedas en la web y el inter\u00e9s de compras de las personas aumenta un 22.7% el d\u00eda viernes.<\/li><li>Se estima que el 70% de la poblaci\u00f3n espa\u00f1ola adem\u00e1s de comprar art\u00edculos de navidad, comprar\u00e1 algo de \u00edndole personal.<\/li><\/ul>\n\n\n\n<h2 class=\"wp-block-heading\" id=\"nadpis3\"><strong>\u00bfVas de compras en Black Friday este a\u00f1o? Ac\u00e1 algunos consejos:<\/strong><\/h2>\n\n\n\n<ul class=\"wp-block-list\"><li><strong>\u00bfEs mejor comprar en l\u00ednea o en tiendas?<\/strong> En 2018 solo el 16.30% de los espa\u00f1oles compraron en tiendas f\u00edsicas durante el <strong>Viernes Negro<\/strong>,<strong> <\/strong>mientras que, el 40.22% compr\u00f3 en <strong>Cyber Monday<\/strong>. Esto se debe a que las transacciones v\u00eda web permiten a los consumidores ahorrar tiempo y dinero, pues evita las compras impulsivas y el hecho de salir de casa.<\/li><li><strong>\u00bfQu\u00e9 tiendas tuvieron buenas ventas el a\u00f1o pasado?<\/strong> Las sucursales de moda y tecnolog\u00eda obtuvieron el mejor tr\u00e1nsito de ventas en 2018. Por\u00a0 ende, pensamos que este pr\u00f3ximo 29 de noviembre cadenas como <strong><a href=\"https:\/\/www.ofertero.es\/alcampo\/\">Alcampo<\/a> o <a href=\"https:\/\/www.ofertero.es\/primark\/\">Primark<\/a> <\/strong>nos sorprender\u00e1n con sus rebajas.<\/li><li><strong>\u00bfQu\u00e9 cosas estaban en buenas ventas?<\/strong> A diferencia del 2017, el <strong>Viernes Negro<\/strong> del a\u00f1o pasado no consigui\u00f3 tantas ventas en relojes, aspiradoras o m\u00e1quinas de afeitar. La mayor\u00eda de los compradores migraron al \u00e1rea de la tecnolog\u00eda, \u00a1y se estima que seguir\u00e1 potenci\u00e1ndose!\u00a0\u00a0<\/li><\/ul>\n\n\n\n<p>Sobre todo por el boom que la tecnolog\u00eda m\u00f3vil ha experimentado este a\u00f1o: Xiaomi, Samsung, Huaweii, Apple, \u00a1y muchas marcas m\u00e1s ofrecer\u00e1n descuentos!<\/p>\n\n\n\n<p>\u00bfEst\u00e1s preparado para el gran d\u00eda? El Black Friday se acerca y con \u00e9l los m\u00e1s grandes descuentos.&nbsp;<br><\/p>\n","protected":false},"excerpt":{"rendered":"<p>\u00bfTodav\u00eda no sabes que comprar este Black Friday 2021?\u00a0Entonces, te ser\u00e1 de utilidad saber: \u00bfC\u00f3mo estuvo el Black Friday del a\u00f1o pasado? \u00bfQu\u00e9 productos valieron la pena comprar? Entonces llegaste al lugar indicado. En Ofertero te daremos un resumen de<\/p>\n","protected":false},"author":1,"featured_media":64,"comment_status":"open","ping_status":"open","sticky":false,"template":"","format":"standard","meta":{"footnotes":""},"categories":[1],"tags":[],"class_list":["post-42","post","type-post","status-publish","format-standard","has-post-thumbnail","hentry","category-nezaradene"],"_thumbnail_id":"64","_wp_attachment_image_alt":null,"_yoast_wpseo_metadesc":null,"_yoast_wpseo_content_score":"60","_yoast_wpseo_estimated-reading-time-minutes":"4","_yoast_wpseo_title":null,"_yoast_wpseo_opengraph-title":null,"_yoast_wpseo_opengraph-description":null,"_harikrutfiwu_url":null,"yoast_head":"<!-- This site is optimized with the Yoast SEO plugin v27.3 - https:\/\/yoast.com\/product\/yoast-seo-wordpress\/ -->\n<title>\u00bfC\u00f3mo estuvo el Black Friday del a\u00f1o pasado? \u00bfQu\u00e9 productos valieron la pena comprar? - Nuestra revista: Consejos y tendencias<\/title>\n<meta name=\"robots\" content=\"index, follow, max-snippet:-1, max-image-preview:large, max-video-preview:-1\" \/>\n<link rel=\"canonical\" href=\"https:\/\/www.ofertero.es\/blog\/como-estuvo-el-black-friday-del-ano-pasado-que-productos-valieron-la-pena-comprar\/\" \/>\n<meta property=\"og:locale\" content=\"es_ES\" \/>\n<meta property=\"og:type\" content=\"article\" \/>\n<meta property=\"og:title\" content=\"\u00bfC\u00f3mo estuvo el Black Friday del a\u00f1o pasado? \u00bfQu\u00e9 productos valieron la pena comprar? - Nuestra revista: Consejos y tendencias\" \/>\n<meta property=\"og:description\" content=\"\u00bfTodav\u00eda no sabes que comprar este Black Friday 2021?\u00a0Entonces, te ser\u00e1 de utilidad saber: \u00bfC\u00f3mo estuvo el Black Friday del a\u00f1o pasado? \u00bfQu\u00e9 productos valieron la pena comprar? Entonces llegaste al lugar indicado. En Ofertero te daremos un resumen de\" \/>\n<meta property=\"og:url\" content=\"https:\/\/www.ofertero.es\/blog\/como-estuvo-el-black-friday-del-ano-pasado-que-productos-valieron-la-pena-comprar\/\" \/>\n<meta property=\"og:site_name\" content=\"Nuestra revista: Consejos y tendencias\" \/>\n<meta property=\"article:published_time\" content=\"2019-10-31T14:41:23+00:00\" \/>\n<meta property=\"article:modified_time\" content=\"2022-10-11T12:21:02+00:00\" \/>\n<meta property=\"og:image\" content=\"https:\/\/www.ofertero.es\/blog\/wp-content\/uploads\/2019\/10\/black-1271449.jpg\" \/>\n\t<meta property=\"og:image:width\" content=\"1000\" \/>\n\t<meta property=\"og:image:height\" content=\"563\" \/>\n\t<meta property=\"og:image:type\" content=\"image\/jpeg\" \/>\n<meta name=\"author\" content=\"Admin\" \/>\n<meta name=\"twitter:card\" content=\"summary_large_image\" \/>\n<meta name=\"twitter:label1\" content=\"Escrito por\" \/>\n\t<meta name=\"twitter:data1\" content=\"Admin\" \/>\n\t<meta name=\"twitter:label2\" content=\"Tiempo de lectura\" \/>\n\t<meta name=\"twitter:data2\" content=\"4 minutos\" \/>\n<script type=\"application\/ld+json\" class=\"yoast-schema-graph\">{\"@context\":\"https:\\\/\\\/schema.org\",\"@graph\":[{\"@type\":\"Article\",\"@id\":\"https:\\\/\\\/www.ofertero.es\\\/blog\\\/como-estuvo-el-black-friday-del-ano-pasado-que-productos-valieron-la-pena-comprar\\\/#article\",\"isPartOf\":{\"@id\":\"https:\\\/\\\/www.ofertero.es\\\/blog\\\/como-estuvo-el-black-friday-del-ano-pasado-que-productos-valieron-la-pena-comprar\\\/\"},\"author\":{\"name\":\"Admin\",\"@id\":\"https:\\\/\\\/www.ofertero.es\\\/blog\\\/#\\\/schema\\\/person\\\/639047bb54ba499e01c93a92023119b0\"},\"headline\":\"\u00bfC\u00f3mo estuvo el Black Friday del a\u00f1o pasado? \u00bfQu\u00e9 productos valieron la pena comprar?\",\"datePublished\":\"2019-10-31T14:41:23+00:00\",\"dateModified\":\"2022-10-11T12:21:02+00:00\",\"mainEntityOfPage\":{\"@id\":\"https:\\\/\\\/www.ofertero.es\\\/blog\\\/como-estuvo-el-black-friday-del-ano-pasado-que-productos-valieron-la-pena-comprar\\\/\"},\"wordCount\":784,\"commentCount\":0,\"image\":{\"@id\":\"https:\\\/\\\/www.ofertero.es\\\/blog\\\/como-estuvo-el-black-friday-del-ano-pasado-que-productos-valieron-la-pena-comprar\\\/#primaryimage\"},\"thumbnailUrl\":\"https:\\\/\\\/www.ofertero.es\\\/blog\\\/wp-content\\\/uploads\\\/2019\\\/10\\\/black-1271449.jpg\",\"articleSection\":[\"Nezaraden\u00e9\"],\"inLanguage\":\"es\",\"potentialAction\":[{\"@type\":\"CommentAction\",\"name\":\"Comment\",\"target\":[\"https:\\\/\\\/www.ofertero.es\\\/blog\\\/como-estuvo-el-black-friday-del-ano-pasado-que-productos-valieron-la-pena-comprar\\\/#respond\"]}]},{\"@type\":\"WebPage\",\"@id\":\"https:\\\/\\\/www.ofertero.es\\\/blog\\\/como-estuvo-el-black-friday-del-ano-pasado-que-productos-valieron-la-pena-comprar\\\/\",\"url\":\"https:\\\/\\\/www.ofertero.es\\\/blog\\\/como-estuvo-el-black-friday-del-ano-pasado-que-productos-valieron-la-pena-comprar\\\/\",\"name\":\"\u00bfC\u00f3mo estuvo el Black Friday del a\u00f1o pasado? \u00bfQu\u00e9 productos valieron la pena comprar? - Nuestra revista: Consejos y tendencias\",\"isPartOf\":{\"@id\":\"https:\\\/\\\/www.ofertero.es\\\/blog\\\/#website\"},\"primaryImageOfPage\":{\"@id\":\"https:\\\/\\\/www.ofertero.es\\\/blog\\\/como-estuvo-el-black-friday-del-ano-pasado-que-productos-valieron-la-pena-comprar\\\/#primaryimage\"},\"image\":{\"@id\":\"https:\\\/\\\/www.ofertero.es\\\/blog\\\/como-estuvo-el-black-friday-del-ano-pasado-que-productos-valieron-la-pena-comprar\\\/#primaryimage\"},\"thumbnailUrl\":\"https:\\\/\\\/www.ofertero.es\\\/blog\\\/wp-content\\\/uploads\\\/2019\\\/10\\\/black-1271449.jpg\",\"datePublished\":\"2019-10-31T14:41:23+00:00\",\"dateModified\":\"2022-10-11T12:21:02+00:00\",\"author\":{\"@id\":\"https:\\\/\\\/www.ofertero.es\\\/blog\\\/#\\\/schema\\\/person\\\/639047bb54ba499e01c93a92023119b0\"},\"breadcrumb\":{\"@id\":\"https:\\\/\\\/www.ofertero.es\\\/blog\\\/como-estuvo-el-black-friday-del-ano-pasado-que-productos-valieron-la-pena-comprar\\\/#breadcrumb\"},\"inLanguage\":\"es\",\"potentialAction\":[{\"@type\":\"ReadAction\",\"target\":[\"https:\\\/\\\/www.ofertero.es\\\/blog\\\/como-estuvo-el-black-friday-del-ano-pasado-que-productos-valieron-la-pena-comprar\\\/\"]}]},{\"@type\":\"ImageObject\",\"inLanguage\":\"es\",\"@id\":\"https:\\\/\\\/www.ofertero.es\\\/blog\\\/como-estuvo-el-black-friday-del-ano-pasado-que-productos-valieron-la-pena-comprar\\\/#primaryimage\",\"url\":\"https:\\\/\\\/www.ofertero.es\\\/blog\\\/wp-content\\\/uploads\\\/2019\\\/10\\\/black-1271449.jpg\",\"contentUrl\":\"https:\\\/\\\/www.ofertero.es\\\/blog\\\/wp-content\\\/uploads\\\/2019\\\/10\\\/black-1271449.jpg\",\"width\":1000,\"height\":563,\"caption\":\"black friday\"},{\"@type\":\"BreadcrumbList\",\"@id\":\"https:\\\/\\\/www.ofertero.es\\\/blog\\\/como-estuvo-el-black-friday-del-ano-pasado-que-productos-valieron-la-pena-comprar\\\/#breadcrumb\",\"itemListElement\":[{\"@type\":\"ListItem\",\"position\":1,\"name\":\"Home\",\"item\":\"https:\\\/\\\/www.ofertero.es\\\/blog\\\/\"},{\"@type\":\"ListItem\",\"position\":2,\"name\":\"\u00bfC\u00f3mo estuvo el Black Friday del a\u00f1o pasado? \u00bfQu\u00e9 productos valieron la pena comprar?\"}]},{\"@type\":\"WebSite\",\"@id\":\"https:\\\/\\\/www.ofertero.es\\\/blog\\\/#website\",\"url\":\"https:\\\/\\\/www.ofertero.es\\\/blog\\\/\",\"name\":\"Nuestra revista: Consejos y tendencias\",\"description\":\"\",\"potentialAction\":[{\"@type\":\"SearchAction\",\"target\":{\"@type\":\"EntryPoint\",\"urlTemplate\":\"https:\\\/\\\/www.ofertero.es\\\/blog\\\/?s={search_term_string}\"},\"query-input\":{\"@type\":\"PropertyValueSpecification\",\"valueRequired\":true,\"valueName\":\"search_term_string\"}}],\"inLanguage\":\"es\"},{\"@type\":\"Person\",\"@id\":\"https:\\\/\\\/www.ofertero.es\\\/blog\\\/#\\\/schema\\\/person\\\/639047bb54ba499e01c93a92023119b0\",\"name\":\"Admin\",\"image\":{\"@type\":\"ImageObject\",\"inLanguage\":\"es\",\"@id\":\"https:\\\/\\\/secure.gravatar.com\\\/avatar\\\/3666fc9db19ce4fc33d28c51484dfd47d72229b75c4b29c83340f3ed82020998?s=96&d=mm&r=g\",\"url\":\"https:\\\/\\\/secure.gravatar.com\\\/avatar\\\/3666fc9db19ce4fc33d28c51484dfd47d72229b75c4b29c83340f3ed82020998?s=96&d=mm&r=g\",\"contentUrl\":\"https:\\\/\\\/secure.gravatar.com\\\/avatar\\\/3666fc9db19ce4fc33d28c51484dfd47d72229b75c4b29c83340f3ed82020998?s=96&d=mm&r=g\",\"caption\":\"Admin\"},\"url\":\"https:\\\/\\\/www.ofertero.es\\\/blog\\\/author\\\/admin\\\/\"}]}<\/script>\n<!-- \/ Yoast SEO plugin. -->","yoast_head_json":{"title":"\u00bfC\u00f3mo estuvo el Black Friday del a\u00f1o pasado? \u00bfQu\u00e9 productos valieron la pena comprar? - Nuestra revista: Consejos y tendencias","robots":{"index":"index","follow":"follow","max-snippet":"max-snippet:-1","max-image-preview":"max-image-preview:large","max-video-preview":"max-video-preview:-1"},"canonical":"https:\/\/www.ofertero.es\/blog\/como-estuvo-el-black-friday-del-ano-pasado-que-productos-valieron-la-pena-comprar\/","og_locale":"es_ES","og_type":"article","og_title":"\u00bfC\u00f3mo estuvo el Black Friday del a\u00f1o pasado? \u00bfQu\u00e9 productos valieron la pena comprar? - Nuestra revista: Consejos y tendencias","og_description":"\u00bfTodav\u00eda no sabes que comprar este Black Friday 2021?\u00a0Entonces, te ser\u00e1 de utilidad saber: \u00bfC\u00f3mo estuvo el Black Friday del a\u00f1o pasado? \u00bfQu\u00e9 productos valieron la pena comprar? Entonces llegaste al lugar indicado. En Ofertero te daremos un resumen de","og_url":"https:\/\/www.ofertero.es\/blog\/como-estuvo-el-black-friday-del-ano-pasado-que-productos-valieron-la-pena-comprar\/","og_site_name":"Nuestra revista: Consejos y tendencias","article_published_time":"2019-10-31T14:41:23+00:00","article_modified_time":"2022-10-11T12:21:02+00:00","og_image":[{"width":1000,"height":563,"url":"https:\/\/www.ofertero.es\/blog\/wp-content\/uploads\/2019\/10\/black-1271449.jpg","type":"image\/jpeg"}],"author":"Admin","twitter_card":"summary_large_image","twitter_misc":{"Escrito por":"Admin","Tiempo de lectura":"4 minutos"},"schema":{"@context":"https:\/\/schema.org","@graph":[{"@type":"Article","@id":"https:\/\/www.ofertero.es\/blog\/como-estuvo-el-black-friday-del-ano-pasado-que-productos-valieron-la-pena-comprar\/#article","isPartOf":{"@id":"https:\/\/www.ofertero.es\/blog\/como-estuvo-el-black-friday-del-ano-pasado-que-productos-valieron-la-pena-comprar\/"},"author":{"name":"Admin","@id":"https:\/\/www.ofertero.es\/blog\/#\/schema\/person\/639047bb54ba499e01c93a92023119b0"},"headline":"\u00bfC\u00f3mo estuvo el Black Friday del a\u00f1o pasado? \u00bfQu\u00e9 productos valieron la pena comprar?","datePublished":"2019-10-31T14:41:23+00:00","dateModified":"2022-10-11T12:21:02+00:00","mainEntityOfPage":{"@id":"https:\/\/www.ofertero.es\/blog\/como-estuvo-el-black-friday-del-ano-pasado-que-productos-valieron-la-pena-comprar\/"},"wordCount":784,"commentCount":0,"image":{"@id":"https:\/\/www.ofertero.es\/blog\/como-estuvo-el-black-friday-del-ano-pasado-que-productos-valieron-la-pena-comprar\/#primaryimage"},"thumbnailUrl":"https:\/\/www.ofertero.es\/blog\/wp-content\/uploads\/2019\/10\/black-1271449.jpg","articleSection":["Nezaraden\u00e9"],"inLanguage":"es","potentialAction":[{"@type":"CommentAction","name":"Comment","target":["https:\/\/www.ofertero.es\/blog\/como-estuvo-el-black-friday-del-ano-pasado-que-productos-valieron-la-pena-comprar\/#respond"]}]},{"@type":"WebPage","@id":"https:\/\/www.ofertero.es\/blog\/como-estuvo-el-black-friday-del-ano-pasado-que-productos-valieron-la-pena-comprar\/","url":"https:\/\/www.ofertero.es\/blog\/como-estuvo-el-black-friday-del-ano-pasado-que-productos-valieron-la-pena-comprar\/","name":"\u00bfC\u00f3mo estuvo el Black Friday del a\u00f1o pasado? \u00bfQu\u00e9 productos valieron la pena comprar? - Nuestra revista: Consejos y tendencias","isPartOf":{"@id":"https:\/\/www.ofertero.es\/blog\/#website"},"primaryImageOfPage":{"@id":"https:\/\/www.ofertero.es\/blog\/como-estuvo-el-black-friday-del-ano-pasado-que-productos-valieron-la-pena-comprar\/#primaryimage"},"image":{"@id":"https:\/\/www.ofertero.es\/blog\/como-estuvo-el-black-friday-del-ano-pasado-que-productos-valieron-la-pena-comprar\/#primaryimage"},"thumbnailUrl":"https:\/\/www.ofertero.es\/blog\/wp-content\/uploads\/2019\/10\/black-1271449.jpg","datePublished":"2019-10-31T14:41:23+00:00","dateModified":"2022-10-11T12:21:02+00:00","author":{"@id":"https:\/\/www.ofertero.es\/blog\/#\/schema\/person\/639047bb54ba499e01c93a92023119b0"},"breadcrumb":{"@id":"https:\/\/www.ofertero.es\/blog\/como-estuvo-el-black-friday-del-ano-pasado-que-productos-valieron-la-pena-comprar\/#breadcrumb"},"inLanguage":"es","potentialAction":[{"@type":"ReadAction","target":["https:\/\/www.ofertero.es\/blog\/como-estuvo-el-black-friday-del-ano-pasado-que-productos-valieron-la-pena-comprar\/"]}]},{"@type":"ImageObject","inLanguage":"es","@id":"https:\/\/www.ofertero.es\/blog\/como-estuvo-el-black-friday-del-ano-pasado-que-productos-valieron-la-pena-comprar\/#primaryimage","url":"https:\/\/www.ofertero.es\/blog\/wp-content\/uploads\/2019\/10\/black-1271449.jpg","contentUrl":"https:\/\/www.ofertero.es\/blog\/wp-content\/uploads\/2019\/10\/black-1271449.jpg","width":1000,"height":563,"caption":"black friday"},{"@type":"BreadcrumbList","@id":"https:\/\/www.ofertero.es\/blog\/como-estuvo-el-black-friday-del-ano-pasado-que-productos-valieron-la-pena-comprar\/#breadcrumb","itemListElement":[{"@type":"ListItem","position":1,"name":"Home","item":"https:\/\/www.ofertero.es\/blog\/"},{"@type":"ListItem","position":2,"name":"\u00bfC\u00f3mo estuvo el Black Friday del a\u00f1o pasado? \u00bfQu\u00e9 productos valieron la pena comprar?"}]},{"@type":"WebSite","@id":"https:\/\/www.ofertero.es\/blog\/#website","url":"https:\/\/www.ofertero.es\/blog\/","name":"Nuestra revista: Consejos y tendencias","description":"","potentialAction":[{"@type":"SearchAction","target":{"@type":"EntryPoint","urlTemplate":"https:\/\/www.ofertero.es\/blog\/?s={search_term_string}"},"query-input":{"@type":"PropertyValueSpecification","valueRequired":true,"valueName":"search_term_string"}}],"inLanguage":"es"},{"@type":"Person","@id":"https:\/\/www.ofertero.es\/blog\/#\/schema\/person\/639047bb54ba499e01c93a92023119b0","name":"Admin","image":{"@type":"ImageObject","inLanguage":"es","@id":"https:\/\/secure.gravatar.com\/avatar\/3666fc9db19ce4fc33d28c51484dfd47d72229b75c4b29c83340f3ed82020998?s=96&d=mm&r=g","url":"https:\/\/secure.gravatar.com\/avatar\/3666fc9db19ce4fc33d28c51484dfd47d72229b75c4b29c83340f3ed82020998?s=96&d=mm&r=g","contentUrl":"https:\/\/secure.gravatar.com\/avatar\/3666fc9db19ce4fc33d28c51484dfd47d72229b75c4b29c83340f3ed82020998?s=96&d=mm&r=g","caption":"Admin"},"url":"https:\/\/www.ofertero.es\/blog\/author\/admin\/"}]}},"_links":{"self":[{"href":"https:\/\/www.ofertero.es\/blog\/wp-json\/wp\/v2\/posts\/42","targetHints":{"allow":["GET"]}}],"collection":[{"href":"https:\/\/www.ofertero.es\/blog\/wp-json\/wp\/v2\/posts"}],"about":[{"href":"https:\/\/www.ofertero.es\/blog\/wp-json\/wp\/v2\/types\/post"}],"author":[{"embeddable":true,"href":"https:\/\/www.ofertero.es\/blog\/wp-json\/wp\/v2\/users\/1"}],"replies":[{"embeddable":true,"href":"https:\/\/www.ofertero.es\/blog\/wp-json\/wp\/v2\/comments?post=42"}],"version-history":[{"count":6,"href":"https:\/\/www.ofertero.es\/blog\/wp-json\/wp\/v2\/posts\/42\/revisions"}],"predecessor-version":[{"id":156,"href":"https:\/\/www.ofertero.es\/blog\/wp-json\/wp\/v2\/posts\/42\/revisions\/156"}],"wp:featuredmedia":[{"embeddable":true,"href":"https:\/\/www.ofertero.es\/blog\/wp-json\/wp\/v2\/media\/64"}],"wp:attachment":[{"href":"https:\/\/www.ofertero.es\/blog\/wp-json\/wp\/v2\/media?parent=42"}],"wp:term":[{"taxonomy":"category","embeddable":true,"href":"https:\/\/www.ofertero.es\/blog\/wp-json\/wp\/v2\/categories?post=42"},{"taxonomy":"post_tag","embeddable":true,"href":"https:\/\/www.ofertero.es\/blog\/wp-json\/wp\/v2\/tags?post=42"}],"curies":[{"name":"wp","href":"https:\/\/api.w.org\/{rel}","templated":true}]}}