{"id":37,"date":"2020-10-30T20:55:47","date_gmt":"2020-10-30T19:55:47","guid":{"rendered":"https:\/\/www.ofertero.es\/blog\/?p=37"},"modified":"2020-11-24T17:36:06","modified_gmt":"2020-11-24T16:36:06","slug":"black-friday-lo-que-debemos-tener-en-cuenta-y-como-comprar-con-prudencia","status":"publish","type":"post","link":"https:\/\/www.ofertero.es\/blog\/black-friday-lo-que-debemos-tener-en-cuenta-y-como-comprar-con-prudencia\/","title":{"rendered":"BLACK FRIDAY 2020: ofertas de electr\u00f3nica e inform\u00e1tica"},"content":{"rendered":"\n<p><strong>Este a\u00f1o, el <\/strong><a href=\"https:\/\/www.ofertero.es\/black-friday\/\"><strong>Black Friday 2020<\/strong><\/a><strong> tiene muchas ofertas. Uno de los rubros que m\u00e1s expectativas est\u00e1 generando es la electr\u00f3nica, ya que se esperan rebajas de hasta un 50% en smartphones, tablets, televisores y otros dispositivos electr\u00f3nicos.<\/strong><br><\/p>\n\n\n\n<p>En <a href=\"https:\/\/www.ofertero.es\/\">Ofertero<\/a>, ya est\u00e1n todos los folletos digitales de ofertas disponibles para que puedas hallar las promociones especiales del <strong>Black Friday 2020<\/strong> y ahorrar en productos de electr\u00f3nica e inform\u00e1tica.<br><\/p>\n\n\n\n<ul class=\"wp-block-list\"><li><strong><a href=\"#nadpis1\">Qu\u00e9 productos tienen descuentos en el Black Friday 2020<\/a><\/strong><\/li><li><strong><a href=\"#nadpis2\">Ofertas de otras tiendas para el Black Friday 2020<\/a><\/strong><\/li><li><strong><a href=\"#nadpis3\">Ahorrar durante el Black Friday 2020 con folletos de ofertas<\/a><\/strong><\/li><\/ul>\n\n\n\n<h2 class=\"wp-block-heading\" id=\"nadpis1\">Qu\u00e9 productos tienen descuentos en el Black Friday 2020 <\/h2>\n\n\n\n<p>Algunas tiendas de electr\u00f3nica, como <strong>Media Market<\/strong>, ya est\u00e1n ofreciendo super descuentos para el <strong>Black Friday 2020<\/strong> que se realizar\u00e1 el <strong>27 de Noviembre<\/strong>.<br><\/p>\n\n\n\n<p>Entre las ofertas se destacan los smartphones Samsung, desde 148 Euros, y las promociones especiales de Apple, en iPhones y port\u00e1tiles.<br><\/p>\n\n\n\n<p>Tambi\u00e9n vale la pena aprovechar los descuentos <strong>del 15%<\/strong> en frigor\u00edficos, lavadoras, secadoras, encimeras y hornos de vapor, as\u00ed como las promociones de 3&#215;2 de peque\u00f1os electrodom\u00e9sticos y las ofertas flash de 12 y 24 horas. La secci\u00f3n de televisores LED tambi\u00e9n cuenta con ofertas de productos de las mejores marcas del mercado, a partir de<strong> 500 Euros<\/strong>.<br><\/p>\n\n\n\n<ul class=\"wp-block-gallery columns-1 is-cropped wp-block-gallery-1 is-layout-flex wp-block-gallery-is-layout-flex\"><li class=\"blocks-gallery-item\"><figure><img loading=\"lazy\" decoding=\"async\" width=\"587\" height=\"326\" src=\"https:\/\/www.ofertero.es\/blog\/wp-content\/uploads\/2020\/11\/Screenshot_2.png\" alt=\"\" data-id=\"77\" data-link=\"https:\/\/www.ofertero.es\/blog\/black-friday-lo-que-debemos-tener-en-cuenta-y-como-comprar-con-prudencia\/screenshot_2\/\" class=\"wp-image-77\" srcset=\"https:\/\/www.ofertero.es\/blog\/wp-content\/uploads\/2020\/11\/Screenshot_2.png 587w, https:\/\/www.ofertero.es\/blog\/wp-content\/uploads\/2020\/11\/Screenshot_2-300x167.png 300w\" sizes=\"auto, (max-width: 587px) 100vw, 587px\" \/><\/figure><\/li><\/ul>\n\n\n\n<h2 class=\"wp-block-heading\" id=\"nadpis2\">Ofertas de otras tiendas para el Black Friday 2020 <\/h2>\n\n\n\n<p>El Black Friday tiene todav\u00eda muchas m\u00e1s ofertas para disfrutar y ahorrar, tanto en electr\u00f3nica como en electrodom\u00e9sticos, muebles y otros productos.<\/p>\n\n\n\n<p>Otras tiendas similares que ofrecen promociones y descuentos son:<\/p>\n\n\n\n<ul class=\"wp-block-list\"><li><strong>Milar: ofertas de lavadoras desde 399 Euros y financiaci\u00f3n en hasta 12 cuotas sin intereses.<\/strong><\/li><li><strong>Fnac: una de las promociones m\u00e1s importantes es la televisores LED Samsung desde 479 Euros y smartphones a partir de 199 Euros.<\/strong><\/li><li><strong>Pascual Mart\u00ed: tiene descuentos incre\u00edbles de televisores LED desde 449 Euros y lavadores desde 329 Euros.<\/strong><\/li><\/ul>\n\n\n\n<p>Todas estas promociones est\u00e1n disponibles para el Black Friday 2020 en Ofertero, en los folletos y cat\u00e1logos de ofertas de la secci\u00f3n de electr\u00f3nica.<br><\/p>\n\n\n\n<h2 class=\"wp-block-heading\" id=\"nadpis3\">Ahorrar durante el Black Friday 2020 con folletos de ofertas&nbsp;<\/h2>\n\n\n\n<p>\u00bfSe acerca la Navidad y deseas ahorrar en tus compras? Entonces, s\u00e1cale provecho al<strong> Black Friday 2020<\/strong> y disfrutar de descuentos y ofertas fant\u00e1sticas!<br><\/p>\n\n\n\n<p>Aprovecha los folletos de ofertas digitales que tus tiendas favoritas ya est\u00e1n preparando para conseguir todos los productos con rebajas y ahorrar en electr\u00f3nica, inform\u00e1tica, moda, y muchos otros productos para la familia y el hogar.<br><\/p>\n\n\n\n<p>\u00bfQu\u00e9 esperas? <strong>Prep\u00e1rate para el Black Friday y disfruta los atractivos descuentos que Ofertero.es trae para ti.<\/strong>\u00a0<br><\/p>\n","protected":false},"excerpt":{"rendered":"<p>Este a\u00f1o, el Black Friday 2020 tiene muchas ofertas. Uno de los rubros que m\u00e1s expectativas est\u00e1 generando es la electr\u00f3nica, ya que se esperan rebajas de hasta un 50% en smartphones, tablets, televisores y otros dispositivos electr\u00f3nicos. En Ofertero,<\/p>\n","protected":false},"author":1,"featured_media":38,"comment_status":"open","ping_status":"open","sticky":false,"template":"","format":"standard","meta":{"footnotes":""},"categories":[1],"tags":[],"class_list":["post-37","post","type-post","status-publish","format-standard","has-post-thumbnail","hentry","category-nezaradene"],"_thumbnail_id":"38","_wp_attachment_image_alt":null,"_yoast_wpseo_metadesc":null,"_yoast_wpseo_content_score":null,"_yoast_wpseo_estimated-reading-time-minutes":null,"_yoast_wpseo_title":null,"_yoast_wpseo_opengraph-title":null,"_yoast_wpseo_opengraph-description":null,"_harikrutfiwu_url":null,"yoast_head":"<!-- This site is optimized with the Yoast SEO plugin v27.3 - https:\/\/yoast.com\/product\/yoast-seo-wordpress\/ -->\n<title>BLACK FRIDAY 2020: ofertas de electr\u00f3nica e inform\u00e1tica - Nuestra revista: Consejos y tendencias<\/title>\n<meta name=\"robots\" content=\"index, follow, max-snippet:-1, max-image-preview:large, max-video-preview:-1\" \/>\n<link rel=\"canonical\" href=\"https:\/\/www.ofertero.es\/blog\/black-friday-lo-que-debemos-tener-en-cuenta-y-como-comprar-con-prudencia\/\" \/>\n<meta property=\"og:locale\" content=\"es_ES\" \/>\n<meta property=\"og:type\" content=\"article\" \/>\n<meta property=\"og:title\" content=\"BLACK FRIDAY 2020: ofertas de electr\u00f3nica e inform\u00e1tica - Nuestra revista: Consejos y tendencias\" \/>\n<meta property=\"og:description\" content=\"Este a\u00f1o, el Black Friday 2020 tiene muchas ofertas. Uno de los rubros que m\u00e1s expectativas est\u00e1 generando es la electr\u00f3nica, ya que se esperan rebajas de hasta un 50% en smartphones, tablets, televisores y otros dispositivos electr\u00f3nicos. En Ofertero,\" \/>\n<meta property=\"og:url\" content=\"https:\/\/www.ofertero.es\/blog\/black-friday-lo-que-debemos-tener-en-cuenta-y-como-comprar-con-prudencia\/\" \/>\n<meta property=\"og:site_name\" content=\"Nuestra revista: Consejos y tendencias\" \/>\n<meta property=\"article:published_time\" content=\"2020-10-30T19:55:47+00:00\" \/>\n<meta property=\"article:modified_time\" content=\"2020-11-24T16:36:06+00:00\" \/>\n<meta property=\"og:image\" content=\"https:\/\/www.ofertero.es\/blog\/wp-content\/uploads\/2019\/10\/black-3763118_960_720.jpg\" \/>\n\t<meta property=\"og:image:width\" content=\"960\" \/>\n\t<meta property=\"og:image:height\" content=\"679\" \/>\n\t<meta property=\"og:image:type\" content=\"image\/jpeg\" \/>\n<meta name=\"author\" content=\"Admin\" \/>\n<meta name=\"twitter:card\" content=\"summary_large_image\" \/>\n<meta name=\"twitter:label1\" content=\"Escrito por\" \/>\n\t<meta name=\"twitter:data1\" content=\"Admin\" \/>\n\t<meta name=\"twitter:label2\" content=\"Tiempo de lectura\" \/>\n\t<meta name=\"twitter:data2\" content=\"2 minutos\" \/>\n<script type=\"application\/ld+json\" class=\"yoast-schema-graph\">{\"@context\":\"https:\\\/\\\/schema.org\",\"@graph\":[{\"@type\":\"Article\",\"@id\":\"https:\\\/\\\/www.ofertero.es\\\/blog\\\/black-friday-lo-que-debemos-tener-en-cuenta-y-como-comprar-con-prudencia\\\/#article\",\"isPartOf\":{\"@id\":\"https:\\\/\\\/www.ofertero.es\\\/blog\\\/black-friday-lo-que-debemos-tener-en-cuenta-y-como-comprar-con-prudencia\\\/\"},\"author\":{\"name\":\"Admin\",\"@id\":\"https:\\\/\\\/www.ofertero.es\\\/blog\\\/#\\\/schema\\\/person\\\/639047bb54ba499e01c93a92023119b0\"},\"headline\":\"BLACK FRIDAY 2020: ofertas de electr\u00f3nica e inform\u00e1tica\",\"datePublished\":\"2020-10-30T19:55:47+00:00\",\"dateModified\":\"2020-11-24T16:36:06+00:00\",\"mainEntityOfPage\":{\"@id\":\"https:\\\/\\\/www.ofertero.es\\\/blog\\\/black-friday-lo-que-debemos-tener-en-cuenta-y-como-comprar-con-prudencia\\\/\"},\"wordCount\":432,\"commentCount\":0,\"image\":{\"@id\":\"https:\\\/\\\/www.ofertero.es\\\/blog\\\/black-friday-lo-que-debemos-tener-en-cuenta-y-como-comprar-con-prudencia\\\/#primaryimage\"},\"thumbnailUrl\":\"https:\\\/\\\/www.ofertero.es\\\/blog\\\/wp-content\\\/uploads\\\/2019\\\/10\\\/black-3763118_960_720.jpg\",\"articleSection\":[\"Nezaraden\u00e9\"],\"inLanguage\":\"es\",\"potentialAction\":[{\"@type\":\"CommentAction\",\"name\":\"Comment\",\"target\":[\"https:\\\/\\\/www.ofertero.es\\\/blog\\\/black-friday-lo-que-debemos-tener-en-cuenta-y-como-comprar-con-prudencia\\\/#respond\"]}]},{\"@type\":\"WebPage\",\"@id\":\"https:\\\/\\\/www.ofertero.es\\\/blog\\\/black-friday-lo-que-debemos-tener-en-cuenta-y-como-comprar-con-prudencia\\\/\",\"url\":\"https:\\\/\\\/www.ofertero.es\\\/blog\\\/black-friday-lo-que-debemos-tener-en-cuenta-y-como-comprar-con-prudencia\\\/\",\"name\":\"BLACK FRIDAY 2020: ofertas de electr\u00f3nica e inform\u00e1tica - Nuestra revista: Consejos y tendencias\",\"isPartOf\":{\"@id\":\"https:\\\/\\\/www.ofertero.es\\\/blog\\\/#website\"},\"primaryImageOfPage\":{\"@id\":\"https:\\\/\\\/www.ofertero.es\\\/blog\\\/black-friday-lo-que-debemos-tener-en-cuenta-y-como-comprar-con-prudencia\\\/#primaryimage\"},\"image\":{\"@id\":\"https:\\\/\\\/www.ofertero.es\\\/blog\\\/black-friday-lo-que-debemos-tener-en-cuenta-y-como-comprar-con-prudencia\\\/#primaryimage\"},\"thumbnailUrl\":\"https:\\\/\\\/www.ofertero.es\\\/blog\\\/wp-content\\\/uploads\\\/2019\\\/10\\\/black-3763118_960_720.jpg\",\"datePublished\":\"2020-10-30T19:55:47+00:00\",\"dateModified\":\"2020-11-24T16:36:06+00:00\",\"author\":{\"@id\":\"https:\\\/\\\/www.ofertero.es\\\/blog\\\/#\\\/schema\\\/person\\\/639047bb54ba499e01c93a92023119b0\"},\"breadcrumb\":{\"@id\":\"https:\\\/\\\/www.ofertero.es\\\/blog\\\/black-friday-lo-que-debemos-tener-en-cuenta-y-como-comprar-con-prudencia\\\/#breadcrumb\"},\"inLanguage\":\"es\",\"potentialAction\":[{\"@type\":\"ReadAction\",\"target\":[\"https:\\\/\\\/www.ofertero.es\\\/blog\\\/black-friday-lo-que-debemos-tener-en-cuenta-y-como-comprar-con-prudencia\\\/\"]}]},{\"@type\":\"ImageObject\",\"inLanguage\":\"es\",\"@id\":\"https:\\\/\\\/www.ofertero.es\\\/blog\\\/black-friday-lo-que-debemos-tener-en-cuenta-y-como-comprar-con-prudencia\\\/#primaryimage\",\"url\":\"https:\\\/\\\/www.ofertero.es\\\/blog\\\/wp-content\\\/uploads\\\/2019\\\/10\\\/black-3763118_960_720.jpg\",\"contentUrl\":\"https:\\\/\\\/www.ofertero.es\\\/blog\\\/wp-content\\\/uploads\\\/2019\\\/10\\\/black-3763118_960_720.jpg\",\"width\":960,\"height\":679,\"caption\":\"black friday\"},{\"@type\":\"BreadcrumbList\",\"@id\":\"https:\\\/\\\/www.ofertero.es\\\/blog\\\/black-friday-lo-que-debemos-tener-en-cuenta-y-como-comprar-con-prudencia\\\/#breadcrumb\",\"itemListElement\":[{\"@type\":\"ListItem\",\"position\":1,\"name\":\"Home\",\"item\":\"https:\\\/\\\/www.ofertero.es\\\/blog\\\/\"},{\"@type\":\"ListItem\",\"position\":2,\"name\":\"BLACK FRIDAY 2020: ofertas de electr\u00f3nica e inform\u00e1tica\"}]},{\"@type\":\"WebSite\",\"@id\":\"https:\\\/\\\/www.ofertero.es\\\/blog\\\/#website\",\"url\":\"https:\\\/\\\/www.ofertero.es\\\/blog\\\/\",\"name\":\"Nuestra revista: Consejos y tendencias\",\"description\":\"\",\"potentialAction\":[{\"@type\":\"SearchAction\",\"target\":{\"@type\":\"EntryPoint\",\"urlTemplate\":\"https:\\\/\\\/www.ofertero.es\\\/blog\\\/?s={search_term_string}\"},\"query-input\":{\"@type\":\"PropertyValueSpecification\",\"valueRequired\":true,\"valueName\":\"search_term_string\"}}],\"inLanguage\":\"es\"},{\"@type\":\"Person\",\"@id\":\"https:\\\/\\\/www.ofertero.es\\\/blog\\\/#\\\/schema\\\/person\\\/639047bb54ba499e01c93a92023119b0\",\"name\":\"Admin\",\"image\":{\"@type\":\"ImageObject\",\"inLanguage\":\"es\",\"@id\":\"https:\\\/\\\/secure.gravatar.com\\\/avatar\\\/3666fc9db19ce4fc33d28c51484dfd47d72229b75c4b29c83340f3ed82020998?s=96&d=mm&r=g\",\"url\":\"https:\\\/\\\/secure.gravatar.com\\\/avatar\\\/3666fc9db19ce4fc33d28c51484dfd47d72229b75c4b29c83340f3ed82020998?s=96&d=mm&r=g\",\"contentUrl\":\"https:\\\/\\\/secure.gravatar.com\\\/avatar\\\/3666fc9db19ce4fc33d28c51484dfd47d72229b75c4b29c83340f3ed82020998?s=96&d=mm&r=g\",\"caption\":\"Admin\"},\"url\":\"https:\\\/\\\/www.ofertero.es\\\/blog\\\/author\\\/admin\\\/\"}]}<\/script>\n<!-- \/ Yoast SEO plugin. -->","yoast_head_json":{"title":"BLACK FRIDAY 2020: ofertas de electr\u00f3nica e inform\u00e1tica - Nuestra revista: Consejos y tendencias","robots":{"index":"index","follow":"follow","max-snippet":"max-snippet:-1","max-image-preview":"max-image-preview:large","max-video-preview":"max-video-preview:-1"},"canonical":"https:\/\/www.ofertero.es\/blog\/black-friday-lo-que-debemos-tener-en-cuenta-y-como-comprar-con-prudencia\/","og_locale":"es_ES","og_type":"article","og_title":"BLACK FRIDAY 2020: ofertas de electr\u00f3nica e inform\u00e1tica - Nuestra revista: Consejos y tendencias","og_description":"Este a\u00f1o, el Black Friday 2020 tiene muchas ofertas. Uno de los rubros que m\u00e1s expectativas est\u00e1 generando es la electr\u00f3nica, ya que se esperan rebajas de hasta un 50% en smartphones, tablets, televisores y otros dispositivos electr\u00f3nicos. En Ofertero,","og_url":"https:\/\/www.ofertero.es\/blog\/black-friday-lo-que-debemos-tener-en-cuenta-y-como-comprar-con-prudencia\/","og_site_name":"Nuestra revista: Consejos y tendencias","article_published_time":"2020-10-30T19:55:47+00:00","article_modified_time":"2020-11-24T16:36:06+00:00","og_image":[{"width":960,"height":679,"url":"https:\/\/www.ofertero.es\/blog\/wp-content\/uploads\/2019\/10\/black-3763118_960_720.jpg","type":"image\/jpeg"}],"author":"Admin","twitter_card":"summary_large_image","twitter_misc":{"Escrito por":"Admin","Tiempo de lectura":"2 minutos"},"schema":{"@context":"https:\/\/schema.org","@graph":[{"@type":"Article","@id":"https:\/\/www.ofertero.es\/blog\/black-friday-lo-que-debemos-tener-en-cuenta-y-como-comprar-con-prudencia\/#article","isPartOf":{"@id":"https:\/\/www.ofertero.es\/blog\/black-friday-lo-que-debemos-tener-en-cuenta-y-como-comprar-con-prudencia\/"},"author":{"name":"Admin","@id":"https:\/\/www.ofertero.es\/blog\/#\/schema\/person\/639047bb54ba499e01c93a92023119b0"},"headline":"BLACK FRIDAY 2020: ofertas de electr\u00f3nica e inform\u00e1tica","datePublished":"2020-10-30T19:55:47+00:00","dateModified":"2020-11-24T16:36:06+00:00","mainEntityOfPage":{"@id":"https:\/\/www.ofertero.es\/blog\/black-friday-lo-que-debemos-tener-en-cuenta-y-como-comprar-con-prudencia\/"},"wordCount":432,"commentCount":0,"image":{"@id":"https:\/\/www.ofertero.es\/blog\/black-friday-lo-que-debemos-tener-en-cuenta-y-como-comprar-con-prudencia\/#primaryimage"},"thumbnailUrl":"https:\/\/www.ofertero.es\/blog\/wp-content\/uploads\/2019\/10\/black-3763118_960_720.jpg","articleSection":["Nezaraden\u00e9"],"inLanguage":"es","potentialAction":[{"@type":"CommentAction","name":"Comment","target":["https:\/\/www.ofertero.es\/blog\/black-friday-lo-que-debemos-tener-en-cuenta-y-como-comprar-con-prudencia\/#respond"]}]},{"@type":"WebPage","@id":"https:\/\/www.ofertero.es\/blog\/black-friday-lo-que-debemos-tener-en-cuenta-y-como-comprar-con-prudencia\/","url":"https:\/\/www.ofertero.es\/blog\/black-friday-lo-que-debemos-tener-en-cuenta-y-como-comprar-con-prudencia\/","name":"BLACK FRIDAY 2020: ofertas de electr\u00f3nica e inform\u00e1tica - Nuestra revista: Consejos y tendencias","isPartOf":{"@id":"https:\/\/www.ofertero.es\/blog\/#website"},"primaryImageOfPage":{"@id":"https:\/\/www.ofertero.es\/blog\/black-friday-lo-que-debemos-tener-en-cuenta-y-como-comprar-con-prudencia\/#primaryimage"},"image":{"@id":"https:\/\/www.ofertero.es\/blog\/black-friday-lo-que-debemos-tener-en-cuenta-y-como-comprar-con-prudencia\/#primaryimage"},"thumbnailUrl":"https:\/\/www.ofertero.es\/blog\/wp-content\/uploads\/2019\/10\/black-3763118_960_720.jpg","datePublished":"2020-10-30T19:55:47+00:00","dateModified":"2020-11-24T16:36:06+00:00","author":{"@id":"https:\/\/www.ofertero.es\/blog\/#\/schema\/person\/639047bb54ba499e01c93a92023119b0"},"breadcrumb":{"@id":"https:\/\/www.ofertero.es\/blog\/black-friday-lo-que-debemos-tener-en-cuenta-y-como-comprar-con-prudencia\/#breadcrumb"},"inLanguage":"es","potentialAction":[{"@type":"ReadAction","target":["https:\/\/www.ofertero.es\/blog\/black-friday-lo-que-debemos-tener-en-cuenta-y-como-comprar-con-prudencia\/"]}]},{"@type":"ImageObject","inLanguage":"es","@id":"https:\/\/www.ofertero.es\/blog\/black-friday-lo-que-debemos-tener-en-cuenta-y-como-comprar-con-prudencia\/#primaryimage","url":"https:\/\/www.ofertero.es\/blog\/wp-content\/uploads\/2019\/10\/black-3763118_960_720.jpg","contentUrl":"https:\/\/www.ofertero.es\/blog\/wp-content\/uploads\/2019\/10\/black-3763118_960_720.jpg","width":960,"height":679,"caption":"black friday"},{"@type":"BreadcrumbList","@id":"https:\/\/www.ofertero.es\/blog\/black-friday-lo-que-debemos-tener-en-cuenta-y-como-comprar-con-prudencia\/#breadcrumb","itemListElement":[{"@type":"ListItem","position":1,"name":"Home","item":"https:\/\/www.ofertero.es\/blog\/"},{"@type":"ListItem","position":2,"name":"BLACK FRIDAY 2020: ofertas de electr\u00f3nica e inform\u00e1tica"}]},{"@type":"WebSite","@id":"https:\/\/www.ofertero.es\/blog\/#website","url":"https:\/\/www.ofertero.es\/blog\/","name":"Nuestra revista: Consejos y tendencias","description":"","potentialAction":[{"@type":"SearchAction","target":{"@type":"EntryPoint","urlTemplate":"https:\/\/www.ofertero.es\/blog\/?s={search_term_string}"},"query-input":{"@type":"PropertyValueSpecification","valueRequired":true,"valueName":"search_term_string"}}],"inLanguage":"es"},{"@type":"Person","@id":"https:\/\/www.ofertero.es\/blog\/#\/schema\/person\/639047bb54ba499e01c93a92023119b0","name":"Admin","image":{"@type":"ImageObject","inLanguage":"es","@id":"https:\/\/secure.gravatar.com\/avatar\/3666fc9db19ce4fc33d28c51484dfd47d72229b75c4b29c83340f3ed82020998?s=96&d=mm&r=g","url":"https:\/\/secure.gravatar.com\/avatar\/3666fc9db19ce4fc33d28c51484dfd47d72229b75c4b29c83340f3ed82020998?s=96&d=mm&r=g","contentUrl":"https:\/\/secure.gravatar.com\/avatar\/3666fc9db19ce4fc33d28c51484dfd47d72229b75c4b29c83340f3ed82020998?s=96&d=mm&r=g","caption":"Admin"},"url":"https:\/\/www.ofertero.es\/blog\/author\/admin\/"}]}},"_links":{"self":[{"href":"https:\/\/www.ofertero.es\/blog\/wp-json\/wp\/v2\/posts\/37","targetHints":{"allow":["GET"]}}],"collection":[{"href":"https:\/\/www.ofertero.es\/blog\/wp-json\/wp\/v2\/posts"}],"about":[{"href":"https:\/\/www.ofertero.es\/blog\/wp-json\/wp\/v2\/types\/post"}],"author":[{"embeddable":true,"href":"https:\/\/www.ofertero.es\/blog\/wp-json\/wp\/v2\/users\/1"}],"replies":[{"embeddable":true,"href":"https:\/\/www.ofertero.es\/blog\/wp-json\/wp\/v2\/comments?post=37"}],"version-history":[{"count":6,"href":"https:\/\/www.ofertero.es\/blog\/wp-json\/wp\/v2\/posts\/37\/revisions"}],"predecessor-version":[{"id":93,"href":"https:\/\/www.ofertero.es\/blog\/wp-json\/wp\/v2\/posts\/37\/revisions\/93"}],"wp:featuredmedia":[{"embeddable":true,"href":"https:\/\/www.ofertero.es\/blog\/wp-json\/wp\/v2\/media\/38"}],"wp:attachment":[{"href":"https:\/\/www.ofertero.es\/blog\/wp-json\/wp\/v2\/media?parent=37"}],"wp:term":[{"taxonomy":"category","embeddable":true,"href":"https:\/\/www.ofertero.es\/blog\/wp-json\/wp\/v2\/categories?post=37"},{"taxonomy":"post_tag","embeddable":true,"href":"https:\/\/www.ofertero.es\/blog\/wp-json\/wp\/v2\/tags?post=37"}],"curies":[{"name":"wp","href":"https:\/\/api.w.org\/{rel}","templated":true}]}}