{"id":27,"date":"2021-10-26T14:20:11","date_gmt":"2021-10-26T12:20:11","guid":{"rendered":"https:\/\/www.ofertero.es\/blog\/?p=27"},"modified":"2022-10-11T14:14:00","modified_gmt":"2022-10-11T12:14:00","slug":"comprar-y-ahorrar-durante-el-black-friday-es-posible","status":"publish","type":"post","link":"https:\/\/www.ofertero.es\/blog\/comprar-y-ahorrar-durante-el-black-friday-es-posible\/","title":{"rendered":"Comprar y ahorrar durante el Black Friday. \u00bfEs posible?"},"content":{"rendered":"\n<p>\u00a1Comprar y ahorrar durante el Black Friday es posible con los incre\u00edbles descuentos de <a href=\"https:\/\/www.ofertero.es\/\">Ofertero<\/a> Espa\u00f1a!<\/p>\n\n\n\n<p>Hemos llegado a un momento del a\u00f1o donde hay mucho que\npensar y planificar antes de la llegada de la navidad. Las vacaciones, ropa\npara el fr\u00edo, comida, regalos de navidad, bebidas, los juguetes de los ni\u00f1os y\nmuchas cosas m\u00e1s.<\/p>\n\n\n\n<p>Afortunadamente, los consumidores cuentan con la\ntemporada de <strong>Black Friday<\/strong>. Donde\ntodas las tiendas est\u00e1n abiertas, consigues gran variedad de productos y\nrecibes descuentos de infarto.<\/p>\n\n\n\n<p>Sin embargo, entre tantas alternativas de compras querr\u00e1s\nahorrar dinero y adquirir tus productos favoritos. \u00bfPero, como es posible\nesto?, hoy te daremos algunos trucos para aprovechar el d\u00eda con m\u00e1s ofertas en\nel a\u00f1o.<\/p>\n\n\n\n<h2 class=\"wp-block-heading\">Planifica tu presupuesto antes de las compras<\/h2>\n\n\n\n<p>Es muy emocionante cuando se acerca el 26 de noviembre, porque es imposible resistirse a las ofertas de tantos productos. Pero, si deseas hacer compras equilibradas y ahorrar hasta el \u00faltimo euro, es importante que planifiques tu presupuesto.<\/p>\n\n\n\n<p>Lo primero que tienes que hacer es apartar el dinero que vas a emplear en tu <strong>Black Friday descuento<\/strong>. As\u00ed, contar\u00e1s con la cuant\u00eda exacta para tus compras sin comprometer los gastos fijos de tu casa.<\/p>\n\n\n\n<figure class=\"wp-block-image\"><img loading=\"lazy\" decoding=\"async\" width=\"1024\" height=\"679\" src=\"https:\/\/www.ofertero.es\/blog\/wp-content\/uploads\/2019\/10\/shopping-4000414_1920-1024x679.jpg\" alt=\"online shopping\" class=\"wp-image-29\" srcset=\"https:\/\/www.ofertero.es\/blog\/wp-content\/uploads\/2019\/10\/shopping-4000414_1920-1024x679.jpg 1024w, https:\/\/www.ofertero.es\/blog\/wp-content\/uploads\/2019\/10\/shopping-4000414_1920-300x199.jpg 300w, https:\/\/www.ofertero.es\/blog\/wp-content\/uploads\/2019\/10\/shopping-4000414_1920-768x510.jpg 768w, https:\/\/www.ofertero.es\/blog\/wp-content\/uploads\/2019\/10\/shopping-4000414_1920.jpg 1920w\" sizes=\"auto, (max-width: 1024px) 100vw, 1024px\" \/><\/figure>\n\n\n\n<h2 class=\"wp-block-heading\">Solo compra lo que realmente necesites<\/h2>\n\n\n\n<p>Para que tu <strong>Black\nFriday<\/strong> sea el mejor d\u00eda del a\u00f1o para comprar, tienes que emplear estrategias\nde consumo. Ser\u00eda decepcionante gastar tu dinero y llevar a casa productos que\nno necesitas. \u00a1No entres en el desespero y la impulsividad! Para evitar esto es\nrecomendable que hagas una lista de compras.<\/p>\n\n\n\n<p>Con una lista de deseos controlar\u00e1s mejor lo que\nrealmente requieres. Antes de hacerla revisa en casa y no excedas tus\ninventarios. De esta forma, no malgastas tu capital y puedes invertirlo en\nproductos que si son \u00fatiles y necesarios.<\/p>\n\n\n\n<h2 class=\"wp-block-heading\">Tu gran oportunidad para adelantar las compras navide\u00f1as<\/h2>\n\n\n\n<p>El <strong>Black Friday descuento <\/strong>es la gran oportunidad de adelantar tus compras navide\u00f1as. No tienes que esperar que llegue el 26 de noviembre, semanas antes puedes hacer tu tarea investigativa. Visitando el cat\u00e1logo de Ofertero podr\u00e1s &nbsp;localizar las tiendas y las ofertas m\u00e1s alucinantes de esta temporada.<\/p>\n\n\n\n<p>Si tienes m\u00faltiples ocupaciones, la revista digital puede convertirse en tu arma secreta para localizar las mejores opciones de compras. Sin importar desde donde est\u00e9s y a cualquier hora consulta la gran variedad de cat\u00e1logos y folletos del sitio web de Ofertero.<\/p>\n\n\n\n<figure class=\"wp-block-image\"><img loading=\"lazy\" decoding=\"async\" width=\"1024\" height=\"576\" src=\"https:\/\/www.ofertero.es\/blog\/wp-content\/uploads\/2019\/10\/ecommerce-3021581_1920-1024x576.jpg\" alt=\"black friday\" class=\"wp-image-30\" srcset=\"https:\/\/www.ofertero.es\/blog\/wp-content\/uploads\/2019\/10\/ecommerce-3021581_1920-1024x576.jpg 1024w, https:\/\/www.ofertero.es\/blog\/wp-content\/uploads\/2019\/10\/ecommerce-3021581_1920-300x169.jpg 300w, https:\/\/www.ofertero.es\/blog\/wp-content\/uploads\/2019\/10\/ecommerce-3021581_1920-768x432.jpg 768w, https:\/\/www.ofertero.es\/blog\/wp-content\/uploads\/2019\/10\/ecommerce-3021581_1920.jpg 1920w\" sizes=\"auto, (max-width: 1024px) 100vw, 1024px\" \/><\/figure>\n\n\n\n<h2 class=\"wp-block-heading\">Ofertero te puede facilitar tus compras de Black Friday<\/h2>\n\n\n\n<p>Los folletos digitales de Ofertero son la mejor herramienta del comprador todo el a\u00f1o, en especial durante la temporada de <strong><a href=\"https:\/\/www.ofertero.es\/black-friday\/\">Black Friday<\/a><\/strong>. Gracias a su amplia categor\u00eda de productos, tendr\u00e1s a disposici\u00f3n m\u00faltiples cat\u00e1logos y folletos digitales de las mejores tiendas. Adem\u00e1s, contribuyes con el medio ambiente, porque este m\u00e9todo informativo no consume papel.<\/p>\n\n\n\n<p>En Ofertero podr\u00e1s encontrar todo tipo de promociones,\nofertas y descuentos, los cuales podr\u00e1s comparar hasta encontrar la oferta que\nse adapta a tu presupuesto. Una buena t\u00e1ctica es evaluar el precio original de\nlos productos en varios comercios. Luego revisar los descuentos de cada tienda\n\u00a1Te sorprender\u00e1s el ahorro que tendr\u00e1s!<\/p>\n\n\n\n<p>Cabe destacar, que con la revista digital de Ofertero es\nmuy sencillo investigar para hacer tus compras. Todos los productos est\u00e1n\ncategorizados y puedes filtrar tus b\u00fasquedas. As\u00ed, encontrar\u00e1s en segundos\nart\u00edculos del hogar, perfumer\u00eda, electrodom\u00e9sticos, v\u00edveres, ropa, calzado y\nmucho m\u00e1s. \u00bfQu\u00e9 esperas? Compra y ahorra dinero durante el Black Friday. <\/p>\n","protected":false},"excerpt":{"rendered":"<p>\u00a1Comprar y ahorrar durante el Black Friday es posible con los incre\u00edbles descuentos de Ofertero Espa\u00f1a! Hemos llegado a un momento del a\u00f1o donde hay mucho que pensar y planificar antes de la llegada de la navidad. Las vacaciones, ropa<\/p>\n","protected":false},"author":1,"featured_media":28,"comment_status":"open","ping_status":"open","sticky":false,"template":"","format":"standard","meta":{"footnotes":""},"categories":[1],"tags":[],"class_list":["post-27","post","type-post","status-publish","format-standard","has-post-thumbnail","hentry","category-nezaradene"],"_thumbnail_id":"28","_wp_attachment_image_alt":null,"_yoast_wpseo_metadesc":null,"_yoast_wpseo_content_score":"90","_yoast_wpseo_estimated-reading-time-minutes":"3","_yoast_wpseo_title":null,"_yoast_wpseo_opengraph-title":null,"_yoast_wpseo_opengraph-description":null,"_harikrutfiwu_url":null,"yoast_head":"<!-- This site is optimized with the Yoast SEO plugin v27.3 - https:\/\/yoast.com\/product\/yoast-seo-wordpress\/ -->\n<title>Comprar y ahorrar durante el Black Friday. \u00bfEs posible? - Nuestra revista: Consejos y tendencias<\/title>\n<meta name=\"robots\" content=\"index, follow, max-snippet:-1, max-image-preview:large, max-video-preview:-1\" \/>\n<link rel=\"canonical\" href=\"https:\/\/www.ofertero.es\/blog\/comprar-y-ahorrar-durante-el-black-friday-es-posible\/\" \/>\n<meta property=\"og:locale\" content=\"es_ES\" \/>\n<meta property=\"og:type\" content=\"article\" \/>\n<meta property=\"og:title\" content=\"Comprar y ahorrar durante el Black Friday. \u00bfEs posible? - Nuestra revista: Consejos y tendencias\" \/>\n<meta property=\"og:description\" content=\"\u00a1Comprar y ahorrar durante el Black Friday es posible con los incre\u00edbles descuentos de Ofertero Espa\u00f1a! Hemos llegado a un momento del a\u00f1o donde hay mucho que pensar y planificar antes de la llegada de la navidad. Las vacaciones, ropa\" \/>\n<meta property=\"og:url\" content=\"https:\/\/www.ofertero.es\/blog\/comprar-y-ahorrar-durante-el-black-friday-es-posible\/\" \/>\n<meta property=\"og:site_name\" content=\"Nuestra revista: Consejos y tendencias\" \/>\n<meta property=\"article:published_time\" content=\"2021-10-26T12:20:11+00:00\" \/>\n<meta property=\"article:modified_time\" content=\"2022-10-11T12:14:00+00:00\" \/>\n<meta property=\"og:image\" content=\"https:\/\/www.ofertero.es\/blog\/wp-content\/uploads\/2019\/10\/marketing-online-1427787_1920-e1574198490576.jpg\" \/>\n\t<meta property=\"og:image:width\" content=\"1000\" \/>\n\t<meta property=\"og:image:height\" content=\"667\" \/>\n\t<meta property=\"og:image:type\" content=\"image\/jpeg\" \/>\n<meta name=\"author\" content=\"Admin\" \/>\n<meta name=\"twitter:card\" content=\"summary_large_image\" \/>\n<meta name=\"twitter:label1\" content=\"Escrito por\" \/>\n\t<meta name=\"twitter:data1\" content=\"Admin\" \/>\n\t<meta name=\"twitter:label2\" content=\"Tiempo de lectura\" \/>\n\t<meta name=\"twitter:data2\" content=\"3 minutos\" \/>\n<script type=\"application\/ld+json\" class=\"yoast-schema-graph\">{\"@context\":\"https:\\\/\\\/schema.org\",\"@graph\":[{\"@type\":\"Article\",\"@id\":\"https:\\\/\\\/www.ofertero.es\\\/blog\\\/comprar-y-ahorrar-durante-el-black-friday-es-posible\\\/#article\",\"isPartOf\":{\"@id\":\"https:\\\/\\\/www.ofertero.es\\\/blog\\\/comprar-y-ahorrar-durante-el-black-friday-es-posible\\\/\"},\"author\":{\"name\":\"Admin\",\"@id\":\"https:\\\/\\\/www.ofertero.es\\\/blog\\\/#\\\/schema\\\/person\\\/639047bb54ba499e01c93a92023119b0\"},\"headline\":\"Comprar y ahorrar durante el Black Friday. \u00bfEs posible?\",\"datePublished\":\"2021-10-26T12:20:11+00:00\",\"dateModified\":\"2022-10-11T12:14:00+00:00\",\"mainEntityOfPage\":{\"@id\":\"https:\\\/\\\/www.ofertero.es\\\/blog\\\/comprar-y-ahorrar-durante-el-black-friday-es-posible\\\/\"},\"wordCount\":614,\"commentCount\":0,\"image\":{\"@id\":\"https:\\\/\\\/www.ofertero.es\\\/blog\\\/comprar-y-ahorrar-durante-el-black-friday-es-posible\\\/#primaryimage\"},\"thumbnailUrl\":\"https:\\\/\\\/www.ofertero.es\\\/blog\\\/wp-content\\\/uploads\\\/2019\\\/10\\\/marketing-online-1427787_1920-e1574198490576.jpg\",\"articleSection\":[\"Nezaraden\u00e9\"],\"inLanguage\":\"es\",\"potentialAction\":[{\"@type\":\"CommentAction\",\"name\":\"Comment\",\"target\":[\"https:\\\/\\\/www.ofertero.es\\\/blog\\\/comprar-y-ahorrar-durante-el-black-friday-es-posible\\\/#respond\"]}]},{\"@type\":\"WebPage\",\"@id\":\"https:\\\/\\\/www.ofertero.es\\\/blog\\\/comprar-y-ahorrar-durante-el-black-friday-es-posible\\\/\",\"url\":\"https:\\\/\\\/www.ofertero.es\\\/blog\\\/comprar-y-ahorrar-durante-el-black-friday-es-posible\\\/\",\"name\":\"Comprar y ahorrar durante el Black Friday. \u00bfEs posible? - Nuestra revista: Consejos y tendencias\",\"isPartOf\":{\"@id\":\"https:\\\/\\\/www.ofertero.es\\\/blog\\\/#website\"},\"primaryImageOfPage\":{\"@id\":\"https:\\\/\\\/www.ofertero.es\\\/blog\\\/comprar-y-ahorrar-durante-el-black-friday-es-posible\\\/#primaryimage\"},\"image\":{\"@id\":\"https:\\\/\\\/www.ofertero.es\\\/blog\\\/comprar-y-ahorrar-durante-el-black-friday-es-posible\\\/#primaryimage\"},\"thumbnailUrl\":\"https:\\\/\\\/www.ofertero.es\\\/blog\\\/wp-content\\\/uploads\\\/2019\\\/10\\\/marketing-online-1427787_1920-e1574198490576.jpg\",\"datePublished\":\"2021-10-26T12:20:11+00:00\",\"dateModified\":\"2022-10-11T12:14:00+00:00\",\"author\":{\"@id\":\"https:\\\/\\\/www.ofertero.es\\\/blog\\\/#\\\/schema\\\/person\\\/639047bb54ba499e01c93a92023119b0\"},\"breadcrumb\":{\"@id\":\"https:\\\/\\\/www.ofertero.es\\\/blog\\\/comprar-y-ahorrar-durante-el-black-friday-es-posible\\\/#breadcrumb\"},\"inLanguage\":\"es\",\"potentialAction\":[{\"@type\":\"ReadAction\",\"target\":[\"https:\\\/\\\/www.ofertero.es\\\/blog\\\/comprar-y-ahorrar-durante-el-black-friday-es-posible\\\/\"]}]},{\"@type\":\"ImageObject\",\"inLanguage\":\"es\",\"@id\":\"https:\\\/\\\/www.ofertero.es\\\/blog\\\/comprar-y-ahorrar-durante-el-black-friday-es-posible\\\/#primaryimage\",\"url\":\"https:\\\/\\\/www.ofertero.es\\\/blog\\\/wp-content\\\/uploads\\\/2019\\\/10\\\/marketing-online-1427787_1920-e1574198490576.jpg\",\"contentUrl\":\"https:\\\/\\\/www.ofertero.es\\\/blog\\\/wp-content\\\/uploads\\\/2019\\\/10\\\/marketing-online-1427787_1920-e1574198490576.jpg\",\"width\":1000,\"height\":667,\"caption\":\"black friday\"},{\"@type\":\"BreadcrumbList\",\"@id\":\"https:\\\/\\\/www.ofertero.es\\\/blog\\\/comprar-y-ahorrar-durante-el-black-friday-es-posible\\\/#breadcrumb\",\"itemListElement\":[{\"@type\":\"ListItem\",\"position\":1,\"name\":\"Home\",\"item\":\"https:\\\/\\\/www.ofertero.es\\\/blog\\\/\"},{\"@type\":\"ListItem\",\"position\":2,\"name\":\"Comprar y ahorrar durante el Black Friday. \u00bfEs posible?\"}]},{\"@type\":\"WebSite\",\"@id\":\"https:\\\/\\\/www.ofertero.es\\\/blog\\\/#website\",\"url\":\"https:\\\/\\\/www.ofertero.es\\\/blog\\\/\",\"name\":\"Nuestra revista: Consejos y tendencias\",\"description\":\"\",\"potentialAction\":[{\"@type\":\"SearchAction\",\"target\":{\"@type\":\"EntryPoint\",\"urlTemplate\":\"https:\\\/\\\/www.ofertero.es\\\/blog\\\/?s={search_term_string}\"},\"query-input\":{\"@type\":\"PropertyValueSpecification\",\"valueRequired\":true,\"valueName\":\"search_term_string\"}}],\"inLanguage\":\"es\"},{\"@type\":\"Person\",\"@id\":\"https:\\\/\\\/www.ofertero.es\\\/blog\\\/#\\\/schema\\\/person\\\/639047bb54ba499e01c93a92023119b0\",\"name\":\"Admin\",\"image\":{\"@type\":\"ImageObject\",\"inLanguage\":\"es\",\"@id\":\"https:\\\/\\\/secure.gravatar.com\\\/avatar\\\/3666fc9db19ce4fc33d28c51484dfd47d72229b75c4b29c83340f3ed82020998?s=96&d=mm&r=g\",\"url\":\"https:\\\/\\\/secure.gravatar.com\\\/avatar\\\/3666fc9db19ce4fc33d28c51484dfd47d72229b75c4b29c83340f3ed82020998?s=96&d=mm&r=g\",\"contentUrl\":\"https:\\\/\\\/secure.gravatar.com\\\/avatar\\\/3666fc9db19ce4fc33d28c51484dfd47d72229b75c4b29c83340f3ed82020998?s=96&d=mm&r=g\",\"caption\":\"Admin\"},\"url\":\"https:\\\/\\\/www.ofertero.es\\\/blog\\\/author\\\/admin\\\/\"}]}<\/script>\n<!-- \/ Yoast SEO plugin. -->","yoast_head_json":{"title":"Comprar y ahorrar durante el Black Friday. \u00bfEs posible? - Nuestra revista: Consejos y tendencias","robots":{"index":"index","follow":"follow","max-snippet":"max-snippet:-1","max-image-preview":"max-image-preview:large","max-video-preview":"max-video-preview:-1"},"canonical":"https:\/\/www.ofertero.es\/blog\/comprar-y-ahorrar-durante-el-black-friday-es-posible\/","og_locale":"es_ES","og_type":"article","og_title":"Comprar y ahorrar durante el Black Friday. \u00bfEs posible? - Nuestra revista: Consejos y tendencias","og_description":"\u00a1Comprar y ahorrar durante el Black Friday es posible con los incre\u00edbles descuentos de Ofertero Espa\u00f1a! Hemos llegado a un momento del a\u00f1o donde hay mucho que pensar y planificar antes de la llegada de la navidad. Las vacaciones, ropa","og_url":"https:\/\/www.ofertero.es\/blog\/comprar-y-ahorrar-durante-el-black-friday-es-posible\/","og_site_name":"Nuestra revista: Consejos y tendencias","article_published_time":"2021-10-26T12:20:11+00:00","article_modified_time":"2022-10-11T12:14:00+00:00","og_image":[{"width":1000,"height":667,"url":"https:\/\/www.ofertero.es\/blog\/wp-content\/uploads\/2019\/10\/marketing-online-1427787_1920-e1574198490576.jpg","type":"image\/jpeg"}],"author":"Admin","twitter_card":"summary_large_image","twitter_misc":{"Escrito por":"Admin","Tiempo de lectura":"3 minutos"},"schema":{"@context":"https:\/\/schema.org","@graph":[{"@type":"Article","@id":"https:\/\/www.ofertero.es\/blog\/comprar-y-ahorrar-durante-el-black-friday-es-posible\/#article","isPartOf":{"@id":"https:\/\/www.ofertero.es\/blog\/comprar-y-ahorrar-durante-el-black-friday-es-posible\/"},"author":{"name":"Admin","@id":"https:\/\/www.ofertero.es\/blog\/#\/schema\/person\/639047bb54ba499e01c93a92023119b0"},"headline":"Comprar y ahorrar durante el Black Friday. \u00bfEs posible?","datePublished":"2021-10-26T12:20:11+00:00","dateModified":"2022-10-11T12:14:00+00:00","mainEntityOfPage":{"@id":"https:\/\/www.ofertero.es\/blog\/comprar-y-ahorrar-durante-el-black-friday-es-posible\/"},"wordCount":614,"commentCount":0,"image":{"@id":"https:\/\/www.ofertero.es\/blog\/comprar-y-ahorrar-durante-el-black-friday-es-posible\/#primaryimage"},"thumbnailUrl":"https:\/\/www.ofertero.es\/blog\/wp-content\/uploads\/2019\/10\/marketing-online-1427787_1920-e1574198490576.jpg","articleSection":["Nezaraden\u00e9"],"inLanguage":"es","potentialAction":[{"@type":"CommentAction","name":"Comment","target":["https:\/\/www.ofertero.es\/blog\/comprar-y-ahorrar-durante-el-black-friday-es-posible\/#respond"]}]},{"@type":"WebPage","@id":"https:\/\/www.ofertero.es\/blog\/comprar-y-ahorrar-durante-el-black-friday-es-posible\/","url":"https:\/\/www.ofertero.es\/blog\/comprar-y-ahorrar-durante-el-black-friday-es-posible\/","name":"Comprar y ahorrar durante el Black Friday. \u00bfEs posible? - Nuestra revista: Consejos y tendencias","isPartOf":{"@id":"https:\/\/www.ofertero.es\/blog\/#website"},"primaryImageOfPage":{"@id":"https:\/\/www.ofertero.es\/blog\/comprar-y-ahorrar-durante-el-black-friday-es-posible\/#primaryimage"},"image":{"@id":"https:\/\/www.ofertero.es\/blog\/comprar-y-ahorrar-durante-el-black-friday-es-posible\/#primaryimage"},"thumbnailUrl":"https:\/\/www.ofertero.es\/blog\/wp-content\/uploads\/2019\/10\/marketing-online-1427787_1920-e1574198490576.jpg","datePublished":"2021-10-26T12:20:11+00:00","dateModified":"2022-10-11T12:14:00+00:00","author":{"@id":"https:\/\/www.ofertero.es\/blog\/#\/schema\/person\/639047bb54ba499e01c93a92023119b0"},"breadcrumb":{"@id":"https:\/\/www.ofertero.es\/blog\/comprar-y-ahorrar-durante-el-black-friday-es-posible\/#breadcrumb"},"inLanguage":"es","potentialAction":[{"@type":"ReadAction","target":["https:\/\/www.ofertero.es\/blog\/comprar-y-ahorrar-durante-el-black-friday-es-posible\/"]}]},{"@type":"ImageObject","inLanguage":"es","@id":"https:\/\/www.ofertero.es\/blog\/comprar-y-ahorrar-durante-el-black-friday-es-posible\/#primaryimage","url":"https:\/\/www.ofertero.es\/blog\/wp-content\/uploads\/2019\/10\/marketing-online-1427787_1920-e1574198490576.jpg","contentUrl":"https:\/\/www.ofertero.es\/blog\/wp-content\/uploads\/2019\/10\/marketing-online-1427787_1920-e1574198490576.jpg","width":1000,"height":667,"caption":"black friday"},{"@type":"BreadcrumbList","@id":"https:\/\/www.ofertero.es\/blog\/comprar-y-ahorrar-durante-el-black-friday-es-posible\/#breadcrumb","itemListElement":[{"@type":"ListItem","position":1,"name":"Home","item":"https:\/\/www.ofertero.es\/blog\/"},{"@type":"ListItem","position":2,"name":"Comprar y ahorrar durante el Black Friday. \u00bfEs posible?"}]},{"@type":"WebSite","@id":"https:\/\/www.ofertero.es\/blog\/#website","url":"https:\/\/www.ofertero.es\/blog\/","name":"Nuestra revista: Consejos y tendencias","description":"","potentialAction":[{"@type":"SearchAction","target":{"@type":"EntryPoint","urlTemplate":"https:\/\/www.ofertero.es\/blog\/?s={search_term_string}"},"query-input":{"@type":"PropertyValueSpecification","valueRequired":true,"valueName":"search_term_string"}}],"inLanguage":"es"},{"@type":"Person","@id":"https:\/\/www.ofertero.es\/blog\/#\/schema\/person\/639047bb54ba499e01c93a92023119b0","name":"Admin","image":{"@type":"ImageObject","inLanguage":"es","@id":"https:\/\/secure.gravatar.com\/avatar\/3666fc9db19ce4fc33d28c51484dfd47d72229b75c4b29c83340f3ed82020998?s=96&d=mm&r=g","url":"https:\/\/secure.gravatar.com\/avatar\/3666fc9db19ce4fc33d28c51484dfd47d72229b75c4b29c83340f3ed82020998?s=96&d=mm&r=g","contentUrl":"https:\/\/secure.gravatar.com\/avatar\/3666fc9db19ce4fc33d28c51484dfd47d72229b75c4b29c83340f3ed82020998?s=96&d=mm&r=g","caption":"Admin"},"url":"https:\/\/www.ofertero.es\/blog\/author\/admin\/"}]}},"_links":{"self":[{"href":"https:\/\/www.ofertero.es\/blog\/wp-json\/wp\/v2\/posts\/27","targetHints":{"allow":["GET"]}}],"collection":[{"href":"https:\/\/www.ofertero.es\/blog\/wp-json\/wp\/v2\/posts"}],"about":[{"href":"https:\/\/www.ofertero.es\/blog\/wp-json\/wp\/v2\/types\/post"}],"author":[{"embeddable":true,"href":"https:\/\/www.ofertero.es\/blog\/wp-json\/wp\/v2\/users\/1"}],"replies":[{"embeddable":true,"href":"https:\/\/www.ofertero.es\/blog\/wp-json\/wp\/v2\/comments?post=27"}],"version-history":[{"count":5,"href":"https:\/\/www.ofertero.es\/blog\/wp-json\/wp\/v2\/posts\/27\/revisions"}],"predecessor-version":[{"id":152,"href":"https:\/\/www.ofertero.es\/blog\/wp-json\/wp\/v2\/posts\/27\/revisions\/152"}],"wp:featuredmedia":[{"embeddable":true,"href":"https:\/\/www.ofertero.es\/blog\/wp-json\/wp\/v2\/media\/28"}],"wp:attachment":[{"href":"https:\/\/www.ofertero.es\/blog\/wp-json\/wp\/v2\/media?parent=27"}],"wp:term":[{"taxonomy":"category","embeddable":true,"href":"https:\/\/www.ofertero.es\/blog\/wp-json\/wp\/v2\/categories?post=27"},{"taxonomy":"post_tag","embeddable":true,"href":"https:\/\/www.ofertero.es\/blog\/wp-json\/wp\/v2\/tags?post=27"}],"curies":[{"name":"wp","href":"https:\/\/api.w.org\/{rel}","templated":true}]}}